{"id":8478,"date":"2020-02-06T12:08:51","date_gmt":"2020-02-06T18:08:51","guid":{"rendered":"https:\/\/www.zonaroja.com.mx\/?p=8478"},"modified":"2020-02-06T19:26:11","modified_gmt":"2020-02-07T01:26:11","slug":"dirigencia-de-sindicato-del-imss-denuncia-persecucion-por-ejercer-su-derecho-a-la-libre-manifestacion","status":"publish","type":"post","link":"https:\/\/zonaroja.com.mx\/?p=8478","title":{"rendered":"Dirigencia de sindicato del IMSS denuncia persecuci\u00f3n por ejercer su derecho a la libre manifestaci\u00f3n"},"content":{"rendered":"\n<p>Evlin Arag\u00f3n\/Zona Roja.&nbsp;<\/p>\n\n\n\n<p>Oaxaca de Ju\u00e1rez, Oax., 6 de febrero de 2020.-&nbsp;Integrantes del Sindicato Libre de Trabajadores de Instituto Mexicano del Seguro Social&nbsp; (IMSS) denunciaron el acoso, hostigamiento y persecuci\u00f3n laboral que enfrentan por parte de la directiva de la instancia, as\u00ed como del encargado de la delegaci\u00f3n, Jorge Mart\u00ednez Torres, quienes les han citado a dar cuentas por las recientes protestas que han realizado,<\/p>\n\n\n\n<p>De acuerdo con Odilia S\u00e1nchez Galicia, representante del gremio disidente, ella y otras seis personas m\u00e1s fueron citadas por el servicio jur\u00eddico a comparecer ante las autoridades de la dependencia, con la intenci\u00f3n de sancionarles e incluso despedirles por haber denunciado recientemente una serie de irregularidades al interior de la dependencia.<\/p>\n\n\n\n<p>Se trata de&nbsp;&nbsp;Leticia Real V\u00e1squez -quien incluso ya fue agredida f\u00edsicamente por denunciar el robo de medicamentos-, Ren\u00e9 Benjam\u00edn G\u00f3mez Rosas, Francisco Eduardo Colmenares, Omar Mariscal Arag\u00f3n, \u00c1ngela Susana Bautista V\u00e1squez y Margarita Carmona Reyes, todas y todos integrantes del Sindicato Libre del IMSS.<\/p>\n\n\n\n<p>\u201cEl d\u00eda de hoy fueron citados a declarar para ser sancionados y despedidos de su trabajo por hacer uso de su derecho a la libre manifestaci\u00f3n de la cual todos los sindicatos nos reservamos el derecho de manifestarnos en las calles\u201d dijo la dirigente sindical.<\/p>\n\n\n\n<figure class=\"wp-block-embed-twitter wp-block-embed is-type-rich is-provider-twitter\"><div class=\"wp-block-embed__wrapper\">\n<div class=\"twitter-tweet\"><blockquote class=\"twitter-tweet\" data-lang=\"es\"><p lang=\"es\" dir=\"ltr\"><a href=\"https:\/\/twitter.com\/hashtag\/OaxacaGris?src=hash&amp;ref_src=twsrc%5Etfw\">#OaxacaGris<\/a><br>El <a href=\"https:\/\/twitter.com\/Tu_IMSS?ref_src=twsrc%5Etfw\">@Tu_IMSS<\/a> que preside <a href=\"https:\/\/twitter.com\/zoerobledo?ref_src=twsrc%5Etfw\">@zoerobledo<\/a> criminaliza, castiga y busca sancionar las denuncias de corrupci\u00f3n y opacidad en <a href=\"https:\/\/twitter.com\/IMSS_Oaxaca?ref_src=twsrc%5Etfw\">@IMSS_Oaxaca<\/a>, acus\u00f3 la dirigencia del Sindicato Independiente de Trabajadores, varios de los cuales est\u00e1n se\u00f1alados y citados por sus declaraciones. <a href=\"https:\/\/t.co\/GrhzBVc0wx\">pic.twitter.com\/GrhzBVc0wx<\/a><\/p>&mdash; Zona Roja Oaxaca (@MexRoja) <a href=\"https:\/\/twitter.com\/MexRoja\/status\/1225467453226070016?ref_src=twsrc%5Etfw\">6 de febrero de 2020<\/a><\/blockquote><\/div>\n<\/div><\/figure>\n\n\n\n<p>Record\u00f3 que desde hace meses han sido objeto de persecuci\u00f3n y represi\u00f3n, de primera cuenta por consolidarse como gremial independiente y posteriormente por denunciar robo de medicamentos al interior de la dependencia, as\u00ed como maltrato al personal y tr\u00e1fico de influencias de parte de la directiva del nosocomio.<\/p>\n\n\n\n<p>S\u00e1nchez Galicia indico que lo anterior ha provocado que algunos trabajadores ya hayan sido amenazados de muerte y v\u00edctimas de golpes por lo que responsabilizan al encargado de la delegaci\u00f3n Oaxaca, Jorge Mart\u00ednez Torres; la encargada de los Servicios de Desarrollo de Personal,&nbsp;&nbsp;Hortencia Morales S\u00e1nchez; y la encargada de la jefatura de Prestaciones M\u00e9dicas, Martha Escobar V\u00e1squez, quienes han sido las principales agresoras al personal m\u00e9dico y administrativo.<\/p>\n\n\n\n<p>\u201cHaciendo gala de la corrupci\u00f3n que existe entre los directivos del IMSS y el sindicato viejo nos quieren sancionar por denunciar las irregularidades que existen en Oaxaca, lo que ha provocado que ocupemos el pen\u00faltimo lugar debido a la mala atenci\u00f3n que se brinda a las y los usuarios, las&nbsp;cifras est\u00e1n en rojo, no hay medicamentos, as\u00ed se encuentra la instituci\u00f3n\u201d, sentenci\u00f3.<\/p>\n\n\n\n<p>As\u00ed mismo, record\u00f3 que les siguen siendo negadas las garant\u00edas se\u00f1aladas en la Ley Federal del Trabajo y Contrato Colectivo de Trabajo, configurando un delito penal por el que incluso a recurrieron a la Organizaci\u00f3n Internacional del Trabajo y esperan pronta respuesta de las autoridades federales.<\/p>\n\n\n\n<p>El grupo de trabajadores fue respaldados por la Secci\u00f3n 22 adherida a la Coordinadora Nacional de Trabajadores de la Educaci\u00f3n (CNTE), dirigencia del Sindicato de la Servicios de Salud Secci\u00f3n 35 y la Comisi\u00f3n de Transparencia y Combate a la Corrupci\u00f3n del Centro Multidisciplinario de Investigaci\u00f3n y Difusi\u00f3n de Profesionistas del Estado de Oaxaca (Cemidipio).<\/p>\n","protected":false},"excerpt":{"rendered":"<p>Evlin Arag\u00f3n\/Zona Roja.&nbsp; Oaxaca de Ju\u00e1rez, Oax., 6 de febrero de 2020.-&nbsp;Integrantes del Sindicato Libre&hellip;<\/p>\n","protected":false},"author":2,"featured_media":8477,"comment_status":"closed","ping_status":"open","sticky":false,"template":"","format":"standard","meta":{"_lmt_disableupdate":"","_lmt_disable":"","_jetpack_memberships_contains_paid_content":false,"footnotes":""},"categories":[109,47],"tags":[1261],"class_list":["post-8478","post","type-post","status-publish","format-standard","has-post-thumbnail","hentry","category-minuto-a-minuto","category-zona-gris","tag-delegacion-del-imss-oaxaca"],"jetpack_featured_media_url":"https:\/\/zonaroja.com.mx\/wp-content\/uploads\/2020\/02\/f64734ec-effd-427e-a4d7-c364e27bcbac.jpg","jetpack_sharing_enabled":true,"_links":{"self":[{"href":"https:\/\/zonaroja.com.mx\/index.php?rest_route=\/wp\/v2\/posts\/8478","targetHints":{"allow":["GET"]}}],"collection":[{"href":"https:\/\/zonaroja.com.mx\/index.php?rest_route=\/wp\/v2\/posts"}],"about":[{"href":"https:\/\/zonaroja.com.mx\/index.php?rest_route=\/wp\/v2\/types\/post"}],"author":[{"embeddable":true,"href":"https:\/\/zonaroja.com.mx\/index.php?rest_route=\/wp\/v2\/users\/2"}],"replies":[{"embeddable":true,"href":"https:\/\/zonaroja.com.mx\/index.php?rest_route=%2Fwp%2Fv2%2Fcomments&post=8478"}],"version-history":[{"count":2,"href":"https:\/\/zonaroja.com.mx\/index.php?rest_route=\/wp\/v2\/posts\/8478\/revisions"}],"predecessor-version":[{"id":8497,"href":"https:\/\/zonaroja.com.mx\/index.php?rest_route=\/wp\/v2\/posts\/8478\/revisions\/8497"}],"wp:featuredmedia":[{"embeddable":true,"href":"https:\/\/zonaroja.com.mx\/index.php?rest_route=\/wp\/v2\/media\/8477"}],"wp:attachment":[{"href":"https:\/\/zonaroja.com.mx\/index.php?rest_route=%2Fwp%2Fv2%2Fmedia&parent=8478"}],"wp:term":[{"taxonomy":"category","embeddable":true,"href":"https:\/\/zonaroja.com.mx\/index.php?rest_route=%2Fwp%2Fv2%2Fcategories&post=8478"},{"taxonomy":"post_tag","embeddable":true,"href":"https:\/\/zonaroja.com.mx\/index.php?rest_route=%2Fwp%2Fv2%2Ftags&post=8478"}],"curies":[{"name":"wp","href":"https:\/\/api.w.org\/{rel}","templated":true}]}}