{"id":84782,"date":"2025-09-18T08:15:00","date_gmt":"2025-09-18T14:15:00","guid":{"rendered":"https:\/\/zonaroja.com.mx\/?p=84782"},"modified":"2025-09-18T06:56:00","modified_gmt":"2025-09-18T12:56:00","slug":"seccion-22-no-reiniciara-clases-en-amoltepec-hasta-que-se-garantice-seguridad","status":"publish","type":"post","link":"https:\/\/zonaroja.com.mx\/?p=84782","title":{"rendered":"Secci\u00f3n 22 no reiniciar\u00e1 clases en Amoltepec hasta que se garantice seguridad"},"content":{"rendered":"\n<p>Ismael Garc\u00eda M.\/Zona Roja. Foto: Archivo.<\/p>\n\n\n\n<p>Oaxaca, Oax., a 19 de septiembre de 2025.- \u201cReiteramos que la educaci\u00f3n no puede desarrollarse en un contexto de miedo, incertidumbre e inestabilidad, y que son los ni\u00f1os, ni\u00f1as, j\u00f3venes, madres, padres de familia y nuestros compa\u00f1eros y compa\u00f1eras docentes quienes enfrentan los mayores riesgos ante la omisi\u00f3n del Estado\u201d.<\/p>\n\n\n\n<p>Con ese pronunciamiento, la Secci\u00f3n 22 del Sindicato Nacional de Trabajadores de la Educaci\u00f3n (SNTE) demand\u00f3 mayor seguridad en Santiago Amoltepec y recalc\u00f3 que las labores educativas no reanudar\u00e1n hasta que no haya las garant\u00edas necesarias.<\/p>\n\n\n\n<p>Este mi\u00e9rcoles emiti\u00f3 un comunicado, en que lament\u00f3 los recientes hechos de violencia, el pasado domingo y lunes, por un conflicto agrario con Santa Mar\u00eda Zaniza, en la regi\u00f3n Sierra Sur del estado.<\/p>\n\n\n\n<p>\u201cLamentamos profundamente la situaci\u00f3n de inseguridad que enfrentan nuestros pueblos originarios y nos solidarizamos con las familias afectadas por este clima de violencia\u201d, dio a conocer.<\/p>\n\n\n\n<p>Exigi\u00f3 que se garantice de manera inmediata y efectiva la seguridad e integridad f\u00edsica y emocional de las y los docentes, estudiantes, madres y padres de familia, as\u00ed como de toda la poblaci\u00f3n de las comunidades afectadas.<\/p>\n\n\n\n<p>\ufeff\ufeff\ufeffQue se generen condiciones reales de paz y gobernabilidad, priorizando el di\u00e1logo entre las comunidades en conflicto, con la intervenci\u00f3n de instancias estatales y federales competentes en materia de seguridad y derechos humanos.<\/p>\n\n\n\n<p>\ufeff\ufeff\ufeffQue se establezcan las condiciones necesarias para el retorno seguro a las actividades escolares, respetando los derechos laborales y humanos de las y los trabajadores de la educaci\u00f3n.<\/p>\n\n\n\n<p>\ufeff\ufeff\ufeffQue se implemente un plan integral de atenci\u00f3n y pacificaci\u00f3n en la regi\u00f3n, con la participaci\u00f3n de las comunidades, autoridades municipales, organizaciones sociales y organismos de derechos humanos.<\/p>\n\n\n\n<p>\u201cDesde nuestra trinchera de lucha, reafirmamos nuestro compromiso con la defensa de la educaci\u00f3n p\u00fablica, gratuita y popular, as\u00ed como con la vida y la paz de nuestros pueblos. La violencia no debe ser parte de los caminos de nuestras comunidades, y es responsabilidad del Estado atender de ra\u00edz las causas estructurales que generan estos conflictos\u201d, expuso en su comunicado.<\/p>\n\n\n\n<p>Hizo un llamado urgente al di\u00e1logo, a la conciliaci\u00f3n y al respeto mutuo, como pilares fundamentales para la construcci\u00f3n de una verdadera paz con justicia y dignidad.<\/p>\n","protected":false},"excerpt":{"rendered":"<p>Ismael Garc\u00eda M.\/Zona Roja. Foto: Archivo. Oaxaca, Oax., a 19 de septiembre de 2025.- \u201cReiteramos&hellip;<\/p>\n","protected":false},"author":2,"featured_media":84783,"comment_status":"closed","ping_status":"open","sticky":false,"template":"","format":"standard","meta":{"_lmt_disableupdate":"","_lmt_disable":"","_jetpack_memberships_contains_paid_content":false,"footnotes":""},"categories":[109,47],"tags":[141,860],"class_list":["post-84782","post","type-post","status-publish","format-standard","has-post-thumbnail","hentry","category-minuto-a-minuto","category-zona-gris","tag-santa-maria-zaniza","tag-santiago-amoltepec"],"jetpack_featured_media_url":"https:\/\/zonaroja.com.mx\/wp-content\/uploads\/2025\/09\/Seguridad-Amoltepec-Seccion-22.JPG.webp","jetpack_sharing_enabled":true,"_links":{"self":[{"href":"https:\/\/zonaroja.com.mx\/index.php?rest_route=\/wp\/v2\/posts\/84782","targetHints":{"allow":["GET"]}}],"collection":[{"href":"https:\/\/zonaroja.com.mx\/index.php?rest_route=\/wp\/v2\/posts"}],"about":[{"href":"https:\/\/zonaroja.com.mx\/index.php?rest_route=\/wp\/v2\/types\/post"}],"author":[{"embeddable":true,"href":"https:\/\/zonaroja.com.mx\/index.php?rest_route=\/wp\/v2\/users\/2"}],"replies":[{"embeddable":true,"href":"https:\/\/zonaroja.com.mx\/index.php?rest_route=%2Fwp%2Fv2%2Fcomments&post=84782"}],"version-history":[{"count":1,"href":"https:\/\/zonaroja.com.mx\/index.php?rest_route=\/wp\/v2\/posts\/84782\/revisions"}],"predecessor-version":[{"id":84784,"href":"https:\/\/zonaroja.com.mx\/index.php?rest_route=\/wp\/v2\/posts\/84782\/revisions\/84784"}],"wp:featuredmedia":[{"embeddable":true,"href":"https:\/\/zonaroja.com.mx\/index.php?rest_route=\/wp\/v2\/media\/84783"}],"wp:attachment":[{"href":"https:\/\/zonaroja.com.mx\/index.php?rest_route=%2Fwp%2Fv2%2Fmedia&parent=84782"}],"wp:term":[{"taxonomy":"category","embeddable":true,"href":"https:\/\/zonaroja.com.mx\/index.php?rest_route=%2Fwp%2Fv2%2Fcategories&post=84782"},{"taxonomy":"post_tag","embeddable":true,"href":"https:\/\/zonaroja.com.mx\/index.php?rest_route=%2Fwp%2Fv2%2Ftags&post=84782"}],"curies":[{"name":"wp","href":"https:\/\/api.w.org\/{rel}","templated":true}]}}