{"id":84785,"date":"2025-09-18T09:15:00","date_gmt":"2025-09-18T15:15:00","guid":{"rendered":"https:\/\/zonaroja.com.mx\/?p=84785"},"modified":"2025-09-18T07:16:04","modified_gmt":"2025-09-18T13:16:04","slug":"reconoce-el-congreso-disenos-y-bordados-de-santo-tomas-ocotepec","status":"publish","type":"post","link":"https:\/\/zonaroja.com.mx\/?p=84785","title":{"rendered":"Reconoce el Congreso dise\u00f1os y bordados de Santo Tom\u00e1s Ocotepec"},"content":{"rendered":"\n<p>Redacci\u00f3n\/Zona Roja.<\/p>\n\n\n\n<p>Oaxaca, Oax., a 18 de septiembre de 2025. &#8211; El Congreso de Oaxaca aprob\u00f3 con 29 votos el Proyecto de Decreto por el que se reconocen como elementos culturales identitarios, materiales e inmateriales del Estado, los conocimientos, t\u00e9cnicas, dise\u00f1os y bordados para la elaboraci\u00f3n de las blusas, soyates y enredos de la indumentaria t\u00edpica, as\u00ed como el atuendo de las mujeres y hombres de Santo Tom\u00e1s Ocotepec, distrito de Tlaxiaco.&nbsp;<\/p>\n\n\n\n<p>Durante la sesi\u00f3n ordinaria de ayer, el diputado promovente de la iniciativa Israel L\u00f3pez S\u00e1nchez dijo que, con esta acci\u00f3n legislativa se protege a esta indumentaria de posibles plagios de sus dise\u00f1os e ilegal explotaci\u00f3n comercial \u201cya que los pueblos originarios tienen el derecho social a mantener, desarrollar, preservar y proteger sus propias identidades y los elementos que lo conforman\u201d, subray\u00f3.&nbsp;<\/p>\n\n\n\n<p>Y, en consecuencia, refiri\u00f3 que es deber del Estado garantizar la protecci\u00f3n, la salvaguarda y el desarrollo del patrimonio cultural y la propiedad colectiva de los pueblos y comunidades ind\u00edgenas y afromexicanas, adem\u00e1s de tomar las medidas necesarias para tal fin.<\/p>\n\n\n\n<p>Precis\u00f3 que el atuendo que portan sus habitantes est\u00e1 lleno de simbolismos, identidad, tradiciones y costumbres, en cuyos dise\u00f1os y confecci\u00f3n intervienen familias enteras quienes aportan sus habilidades, t\u00e9cnicas y conocimientos transmitidos de generaci\u00f3n en generaci\u00f3n.&nbsp;<\/p>\n\n\n\n<p>Al hacer uso de la tribuna destac\u00f3 que, con la emisi\u00f3n de este dictamen por parte de la Comisi\u00f3n Permanente de Culturas y Artes, se deja un mensaje claro para los pueblos y comunidades ind\u00edgenas y afromexicanas \u201cque no est\u00e1n solos, que el Congreso siempre estar\u00e1 atento para cuidar el legado que recibimos del pasado, que vivimos en el presente y que lo transmitiremos a las futuras generaciones\u201d.&nbsp;<\/p>\n\n\n\n<p>Cabe destacar que en el contexto de la aprobaci\u00f3n del Proyecto de Decreto estuvieron presentes el ciudadano Jorge Rivero Aguilar, presidente municipal de Santo Tom\u00e1s Ocotepec, as\u00ed como artesanas y artesanos de la comunidad.&nbsp;<\/p>\n\n\n\n<p>RECONOCIMIENTO A ARTESANO<\/p>\n\n\n\n<p>Por otra parte, se entreg\u00f3 un reconocimiento al maestro Artesano Joaqu\u00edn Alberto V\u00e1squez S\u00e1nchez, por sus aportaciones en la preservaci\u00f3n y difusi\u00f3n de la t\u00e9cnica para el grabado y difundido caracter\u00edstico en la elaboraci\u00f3n de las figuras de metal conocidas como \u201cSoldaditos de plomo\u201d, que se elaboran en la Heroica Ciudad de Tlaxiaco.&nbsp;<\/p>\n\n\n\n<p>La entrega estuvo a cargo del presidente de la Junta de Coordinaci\u00f3n Pol\u00edtica (Jucopo), diputado Benjam\u00edn Viveros Montalvo; la diputada que preside la Comisi\u00f3n Permanente de Culturas y Artes, Irma Pineda Santiago y la congresista Analy Peral Vivar, quien fue la impulsora de esta iniciativa.&nbsp;<\/p>\n","protected":false},"excerpt":{"rendered":"<p>Redacci\u00f3n\/Zona Roja. Oaxaca, Oax., a 18 de septiembre de 2025. &#8211; El Congreso de Oaxaca&hellip;<\/p>\n","protected":false},"author":2,"featured_media":84786,"comment_status":"closed","ping_status":"open","sticky":false,"template":"","format":"standard","meta":{"_lmt_disableupdate":"","_lmt_disable":"","_jetpack_memberships_contains_paid_content":false,"footnotes":""},"categories":[109,46],"tags":[303],"class_list":["post-84785","post","type-post","status-publish","format-standard","has-post-thumbnail","hentry","category-minuto-a-minuto","category-zona-blanca","tag-congreso-del-estado-de-oaxaca"],"jetpack_featured_media_url":"https:\/\/zonaroja.com.mx\/wp-content\/uploads\/2025\/09\/Congreso-reconocimiento-Santo-Tomas-Ocotepec.jpeg","jetpack_sharing_enabled":true,"_links":{"self":[{"href":"https:\/\/zonaroja.com.mx\/index.php?rest_route=\/wp\/v2\/posts\/84785","targetHints":{"allow":["GET"]}}],"collection":[{"href":"https:\/\/zonaroja.com.mx\/index.php?rest_route=\/wp\/v2\/posts"}],"about":[{"href":"https:\/\/zonaroja.com.mx\/index.php?rest_route=\/wp\/v2\/types\/post"}],"author":[{"embeddable":true,"href":"https:\/\/zonaroja.com.mx\/index.php?rest_route=\/wp\/v2\/users\/2"}],"replies":[{"embeddable":true,"href":"https:\/\/zonaroja.com.mx\/index.php?rest_route=%2Fwp%2Fv2%2Fcomments&post=84785"}],"version-history":[{"count":1,"href":"https:\/\/zonaroja.com.mx\/index.php?rest_route=\/wp\/v2\/posts\/84785\/revisions"}],"predecessor-version":[{"id":84787,"href":"https:\/\/zonaroja.com.mx\/index.php?rest_route=\/wp\/v2\/posts\/84785\/revisions\/84787"}],"wp:featuredmedia":[{"embeddable":true,"href":"https:\/\/zonaroja.com.mx\/index.php?rest_route=\/wp\/v2\/media\/84786"}],"wp:attachment":[{"href":"https:\/\/zonaroja.com.mx\/index.php?rest_route=%2Fwp%2Fv2%2Fmedia&parent=84785"}],"wp:term":[{"taxonomy":"category","embeddable":true,"href":"https:\/\/zonaroja.com.mx\/index.php?rest_route=%2Fwp%2Fv2%2Fcategories&post=84785"},{"taxonomy":"post_tag","embeddable":true,"href":"https:\/\/zonaroja.com.mx\/index.php?rest_route=%2Fwp%2Fv2%2Ftags&post=84785"}],"curies":[{"name":"wp","href":"https:\/\/api.w.org\/{rel}","templated":true}]}}