{"id":84788,"date":"2025-09-18T10:15:00","date_gmt":"2025-09-18T16:15:00","guid":{"rendered":"https:\/\/zonaroja.com.mx\/?p=84788"},"modified":"2025-09-18T07:37:06","modified_gmt":"2025-09-18T13:37:06","slug":"refuerzan-operativos-de-busqueda-en-amoltepec-para-hallar-a-desaparecido","status":"publish","type":"post","link":"https:\/\/zonaroja.com.mx\/?p=84788","title":{"rendered":"Refuerzan operativos de b\u00fasqueda en Amoltepec para hallar a desaparecido"},"content":{"rendered":"\n<p>Raymundo Morales\/Zona Roja.&nbsp;<\/p>\n\n\n\n<p>Oaxaca, Oax., a 18 de septiembre&nbsp; de 2025.- &nbsp;Corporaciones de seguridad estatal y federal, as\u00ed como la Fiscal\u00eda General del Estado de Oaxaca (FGEO)&nbsp;reforzaron desde ayer en Santiago Amoltepec el operativo de b\u00fasqueda y localizaci\u00f3n de Jos\u00e9 Santiago Guti\u00e9rrez, de 62 a\u00f1os, desaparecido el pasado domingo.&nbsp;<\/p>\n\n\n\n<p>La persona no localizada fue vista por \u00faltima vez el 14 de septiembre de 2025 en el paraje denominado \u201cR\u00edo Algod\u00f3n\u201d, perteneciente a Amoltepec y habr\u00eda sido v\u00edctima del conflicto agrario que recrudeci\u00f3 el fin de semana con los vecinos de Santa Mar\u00eda Zaniza.<\/p>\n\n\n\n<p>En un comunicado, la Fiscal\u00eda detall\u00f3 que en las acciones colaboran la Agencia Estatal de Investigaciones (AEI), la Comisi\u00f3n Estatal de B\u00fasqueda, la Guardia Nacional, la Polic\u00eda Estatal, la Coordinaci\u00f3n de Delegados de Paz de la Secretar\u00eda de Gobierno y la Direcci\u00f3n General del Hangar.&nbsp;<\/p>\n\n\n\n<p>Asimismo, a trav\u00e9s de la Unidad de B\u00fasqueda de Personas No Localizadas y la Unidad Especializada en Desaparici\u00f3n Forzada, ambas dependientes de la Vicefiscal\u00eda General de Atenci\u00f3n a V\u00edctimas y la Sociedad, \u201cse desarrollan investigaciones ministeriales con un enfoque diferenciado, considerando las particularidades de la v\u00edctima y su contexto, a fin de identificar riesgos y vulnerabilidades que orienten las acciones de b\u00fasqueda\u201d.<\/p>\n\n\n\n<p>Las labores comprenden recorridos terrestres y sobrevuelos en el municipio de Santiago Amoltepec y comunidades aleda\u00f1as, efectuados conforme a los protocolos especializados, con la participaci\u00f3n de equipos multidisciplinarios.<\/p>\n\n\n\n<p>\u201cEstas acciones se sustentan en informaci\u00f3n obtenida a partir de trabajos de inteligencia, lo que permite establecer directrices para focalizar las zonas de b\u00fasqueda y fortalecer las tareas de localizaci\u00f3n.<\/p>\n\n\n\n<p>\u201cLa Fiscal\u00eda de Oaxaca lleva a cabo una labor integral, que articula tanto la intervenci\u00f3n de especialistas como la coordinaci\u00f3n operativa y log\u00edstica necesarias para robustecer las capacidades institucionales, destac\u00f3 la instituci\u00f3n que encabeza Bernardo Rodr\u00edguez Alamilla.<\/p>\n\n\n\n<p>Reitero su compromiso de agotar todas las acciones que conduzcan a la localizaci\u00f3n de personas reportadas como No Localizadas, garantizando que cada proceso se desarrolla con estricto apego a los protocolos de b\u00fasqueda, con el prop\u00f3sito de brindar certeza y atenci\u00f3n tanto a las v\u00edctimas directas e indirectas, es decir, sus familias.<\/p>\n\n\n\n<figure class=\"wp-block-embed is-type-rich is-provider-twitter wp-block-embed-twitter\"><div class=\"wp-block-embed__wrapper\">\n<div class=\"twitter-tweet\"><blockquote class=\"twitter-tweet\" data-lang=\"es\"><p lang=\"es\" dir=\"ltr\"><a href=\"https:\/\/twitter.com\/hashtag\/AlMomento?src=hash&amp;ref_src=twsrc%5Etfw\">#AlMomento<\/a><br>En coordinaci\u00f3n con autoridades estatales y federales, la Fiscal\u00eda General del Estado de Oaxaca (<a href=\"https:\/\/twitter.com\/FISCALIA_GobOax?ref_src=twsrc%5Etfw\">@FISCALIA_GobOax<\/a>) implementa un operativo de b\u00fasqueda y localizaci\u00f3n de Jos\u00e9 Santiago Guti\u00e9rrez, de 62 a\u00f1os, mediante acciones estrat\u00e9gicas realizadas por equipos\u2026 <a href=\"https:\/\/t.co\/a5QyC6kvow\">pic.twitter.com\/a5QyC6kvow<\/a><\/p>&mdash; Zona Roja Oaxaca (@ZonaRoja_Oaxaca) <a href=\"https:\/\/twitter.com\/ZonaRoja_Oaxaca\/status\/1968469528565743790?ref_src=twsrc%5Etfw\">18 de septiembre de 2025<\/a><\/blockquote><\/div>\n<\/div><\/figure>\n","protected":false},"excerpt":{"rendered":"<p>Raymundo Morales\/Zona Roja.&nbsp; Oaxaca, Oax., a 18 de septiembre&nbsp; de 2025.- &nbsp;Corporaciones de seguridad estatal&hellip;<\/p>\n","protected":false},"author":2,"featured_media":84789,"comment_status":"closed","ping_status":"open","sticky":false,"template":"","format":"standard","meta":{"_lmt_disableupdate":"","_lmt_disable":"","_jetpack_memberships_contains_paid_content":false,"footnotes":""},"categories":[109,46],"tags":[494,860],"class_list":["post-84788","post","type-post","status-publish","format-standard","has-post-thumbnail","hentry","category-minuto-a-minuto","category-zona-blanca","tag-fiscalia-general-del-estado-de-oaxaca","tag-santiago-amoltepec"],"jetpack_featured_media_url":"https:\/\/zonaroja.com.mx\/wp-content\/uploads\/2025\/09\/Busqueda-desaparecido-Amoltepec-Fiscalia.jpeg","jetpack_sharing_enabled":true,"_links":{"self":[{"href":"https:\/\/zonaroja.com.mx\/index.php?rest_route=\/wp\/v2\/posts\/84788","targetHints":{"allow":["GET"]}}],"collection":[{"href":"https:\/\/zonaroja.com.mx\/index.php?rest_route=\/wp\/v2\/posts"}],"about":[{"href":"https:\/\/zonaroja.com.mx\/index.php?rest_route=\/wp\/v2\/types\/post"}],"author":[{"embeddable":true,"href":"https:\/\/zonaroja.com.mx\/index.php?rest_route=\/wp\/v2\/users\/2"}],"replies":[{"embeddable":true,"href":"https:\/\/zonaroja.com.mx\/index.php?rest_route=%2Fwp%2Fv2%2Fcomments&post=84788"}],"version-history":[{"count":1,"href":"https:\/\/zonaroja.com.mx\/index.php?rest_route=\/wp\/v2\/posts\/84788\/revisions"}],"predecessor-version":[{"id":84790,"href":"https:\/\/zonaroja.com.mx\/index.php?rest_route=\/wp\/v2\/posts\/84788\/revisions\/84790"}],"wp:featuredmedia":[{"embeddable":true,"href":"https:\/\/zonaroja.com.mx\/index.php?rest_route=\/wp\/v2\/media\/84789"}],"wp:attachment":[{"href":"https:\/\/zonaroja.com.mx\/index.php?rest_route=%2Fwp%2Fv2%2Fmedia&parent=84788"}],"wp:term":[{"taxonomy":"category","embeddable":true,"href":"https:\/\/zonaroja.com.mx\/index.php?rest_route=%2Fwp%2Fv2%2Fcategories&post=84788"},{"taxonomy":"post_tag","embeddable":true,"href":"https:\/\/zonaroja.com.mx\/index.php?rest_route=%2Fwp%2Fv2%2Ftags&post=84788"}],"curies":[{"name":"wp","href":"https:\/\/api.w.org\/{rel}","templated":true}]}}