{"id":84791,"date":"2025-09-18T11:24:00","date_gmt":"2025-09-18T17:24:00","guid":{"rendered":"https:\/\/zonaroja.com.mx\/?p=84791"},"modified":"2025-09-18T07:28:09","modified_gmt":"2025-09-18T13:28:09","slug":"hijos-de-amlo-renuncian-a-amparos-piden-a-poder-judicial-investigar-el-caso","status":"publish","type":"post","link":"https:\/\/zonaroja.com.mx\/?p=84791","title":{"rendered":"Hijos de AMLO renuncian a amparos; piden a Poder Judicial investigar el caso"},"content":{"rendered":"\n<p>Redacci\u00f3n\/Zona Roja Cdmx.<\/p>\n\n\n\n<p>Ciudad de M\u00e9xico, a 18 de septiembre de 2025.- Andr\u00e9s Manuel L\u00f3pez Beltr\u00e1n, hijo del expresidente Andr\u00e9s Manuel L\u00f3pez Obrador, neg\u00f3 que \u00e9l o su hermano Gonzalo hayan tramitado demandas de amparo para evitar detenciones.<\/p>\n\n\n\n<p>En un pronunciamiento, L\u00f3pez Beltr\u00e1n explic\u00f3 que no conoce a las personas que tramitaron los amparos y que sospecha que fueron sus adversarios pol\u00edticos los que los promovieron.<\/p>\n\n\n\n<p>\u00bbRenunciamos tajantemente a dicho tr\u00e1mite y solicitamos al \u00e1rea correspondiente del Poder Judicial que investigue sobre el caso, ya que sabemos que no se trata de un solo tr\u00e1mite, sino de muchos realizados en varios juzgados\u00bb, dijo L\u00f3pez Beltr\u00e1n.<\/p>\n\n\n\n<p>El secretario de Organizaci\u00f3n de Morena a\u00f1adi\u00f3 que se trata de una campa\u00f1a de desprestigio que intenta vincularlo a \u00e9l y a su familia con el caso de huachicol fiscal en el que est\u00e1n relacionados integrantes de la Secretar\u00eda de Marina (Semar).<\/p>\n\n\n\n<p>\u00bbApoyamos, como siempre, las decisiones tomadas por nuestra presidenta Claudia Sheinbaum y reiteramos nuestro apoyo a las acciones tomas para solucionar este problema de seguridad en el pa\u00eds\u00bb, dijo el hijo del expresidente L\u00f3pez Obrador.<\/p>\n\n\n\n<p>FUERON DOS<\/p>\n\n\n\n<p>Juzgados federales concedieron un par de amparos a Andr\u00e9s Manuel L\u00f3pez Beltr\u00e1n y Gonzalo L\u00f3pez Beltr\u00e1n, hijos del expresidente Andr\u00e9s Manuel L\u00f3pez Obrador, contra cualquier orden de aprehensi\u00f3n, incomunicaci\u00f3n o desaparici\u00f3n forzada.<\/p>\n\n\n\n<p>El amparo 1728\/2025 est\u00e1 en la lista de acuerdos del Juzgado Noveno de Distrito en Materia Administrativa y se present\u00f3 este martes. En el amparo se reclama \u00abla detenci\u00f3n, incomunicaci\u00f3n e ilocalizabilidad (sic) de los detenidos, privaci\u00f3n de la vida, desaparici\u00f3n forzada u orden de aprehensi\u00f3n\u201d.<\/p>\n\n\n\n<p>Ese no fue el \u00fanico amparo que se present\u00f3 e involucra a los hijos del expresidente. En Zacatecas fue promovido otro recurso m\u00e1s por alguien que se identific\u00f3 como Francisco Javier Rodr\u00edguez Smith Macdonald ante el Juzgado Segundo de Distrito. El amparo tambi\u00e9n es contra la aprehensi\u00f3n, incomunicaci\u00f3n.<\/p>\n\n\n\n<p>\u201cT\u00e9ngase por recibida la demanda de amparo que, en t\u00e9rminos de lo dispuesto por los art\u00edculos 3 y 15 de la Ley de amparo, Francisco Javier Rodr\u00edguez Smith Macdonald presenta en forma electr\u00f3nica, por la detenci\u00f3n, incomunicaci\u00f3n, no localizaci\u00f3n, privaci\u00f3n de la vida o posible desaparici\u00f3n forzada y orden de aprehensi\u00f3n a favor de Andr\u00e9s Manuel L\u00f3pez Beltr\u00e1n y Gonzalo L\u00f3pez Beltr\u00e1n\u201d, dice el documento.<\/p>\n\n\n\n<p>El abogado zacatecano Juan Francisco Rodr\u00edguez Smith Mac Donald asegur\u00f3 que nunca ha presentado un amparo a favor de los hijos del expresidente L\u00f3pez Obrador, por lo cual va a presentar una denuncia ante la Fiscal\u00eda estatal. Su nombre fue resaltado en medios de comunicaci\u00f3n como el solicitante.<\/p>\n\n\n\n<p>Durante una entrevista con El Universal, el abogado dijo que se usurp\u00f3 su identidad para llevar a cabo el tr\u00e1mite.<\/p>\n\n\n\n<p>En el amparo tambi\u00e9n se mencionan a Roberto Blanco Cant\u00fa, al\u00edas \u201cEl se\u00f1or de los buques\u201d, quien presuntamente est\u00e1 implicado en el huachicol fiscal y relacionado con el contraalmirante Fernando Far\u00edas Lagunas.<\/p>\n\n\n\n<p>Medios de comunicaci\u00f3n difundieron recientemente que Gonzalo L\u00f3pez Beltr\u00e1n habr\u00eda sostenido una reuni\u00f3n con Manuel Roberto Far\u00edas, vicealmirante de la Marina, detenido presuntamente por liderar una red de huachicol.<\/p>\n\n\n\n<p>En su conferencia matutina de este mi\u00e9rcoles, la presidenta Claudia Sheinbaum cuestion\u00f3 que en el caso de huachicol y la Marina, se intente involucrar a los hijos del presidente y al propio exmandatario.<\/p>\n\n\n\n<p>\u00abAhora, han dicho mucho de &#8216;que si el Presidente L\u00f3pez Obrador&#8217;, &#8216;que si sus hijos&#8217; bueno, hasta a sus hijos ahora otra vez los quieren meter. Esto sucedi\u00f3 en marzo. \u00bfQu\u00e9 tan atr\u00e1s ven\u00eda? No lo sabemos. Lo que s\u00ed podemos decir es que el Presidente L\u00f3pez Obrador es un hombre \u00edntegro, y eso lo sabe el pueblo de M\u00e9xico. Y que toda esta cr\u00edtica que est\u00e1n haciendo y dem\u00e1s se cae por su propio peso\u00bb, afirm\u00f3.<\/p>\n\n\n\n<p>(Informaci\u00f3n de \u201cExpansi\u00f3n Pol\u00edtica\u201d)<\/p>\n","protected":false},"excerpt":{"rendered":"<p>Redacci\u00f3n\/Zona Roja Cdmx. Ciudad de M\u00e9xico, a 18 de septiembre de 2025.- Andr\u00e9s Manuel L\u00f3pez&hellip;<\/p>\n","protected":false},"author":2,"featured_media":84792,"comment_status":"closed","ping_status":"open","sticky":false,"template":"","format":"standard","meta":{"_lmt_disableupdate":"","_lmt_disable":"","_jetpack_memberships_contains_paid_content":false,"footnotes":""},"categories":[109,47],"tags":[4457,3532],"class_list":["post-84791","post","type-post","status-publish","format-standard","has-post-thumbnail","hentry","category-minuto-a-minuto","category-zona-gris","tag-amparo-hijos-de-lopez-obrador","tag-andres-manuel-lopez-beltran"],"jetpack_featured_media_url":"https:\/\/zonaroja.com.mx\/wp-content\/uploads\/2025\/09\/Amparo-hijos-de-Lopez-Obrador.jpg","jetpack_sharing_enabled":true,"_links":{"self":[{"href":"https:\/\/zonaroja.com.mx\/index.php?rest_route=\/wp\/v2\/posts\/84791","targetHints":{"allow":["GET"]}}],"collection":[{"href":"https:\/\/zonaroja.com.mx\/index.php?rest_route=\/wp\/v2\/posts"}],"about":[{"href":"https:\/\/zonaroja.com.mx\/index.php?rest_route=\/wp\/v2\/types\/post"}],"author":[{"embeddable":true,"href":"https:\/\/zonaroja.com.mx\/index.php?rest_route=\/wp\/v2\/users\/2"}],"replies":[{"embeddable":true,"href":"https:\/\/zonaroja.com.mx\/index.php?rest_route=%2Fwp%2Fv2%2Fcomments&post=84791"}],"version-history":[{"count":1,"href":"https:\/\/zonaroja.com.mx\/index.php?rest_route=\/wp\/v2\/posts\/84791\/revisions"}],"predecessor-version":[{"id":84793,"href":"https:\/\/zonaroja.com.mx\/index.php?rest_route=\/wp\/v2\/posts\/84791\/revisions\/84793"}],"wp:featuredmedia":[{"embeddable":true,"href":"https:\/\/zonaroja.com.mx\/index.php?rest_route=\/wp\/v2\/media\/84792"}],"wp:attachment":[{"href":"https:\/\/zonaroja.com.mx\/index.php?rest_route=%2Fwp%2Fv2%2Fmedia&parent=84791"}],"wp:term":[{"taxonomy":"category","embeddable":true,"href":"https:\/\/zonaroja.com.mx\/index.php?rest_route=%2Fwp%2Fv2%2Fcategories&post=84791"},{"taxonomy":"post_tag","embeddable":true,"href":"https:\/\/zonaroja.com.mx\/index.php?rest_route=%2Fwp%2Fv2%2Ftags&post=84791"}],"curies":[{"name":"wp","href":"https:\/\/api.w.org\/{rel}","templated":true}]}}