{"id":84794,"date":"2025-09-18T12:15:00","date_gmt":"2025-09-18T18:15:00","guid":{"rendered":"https:\/\/zonaroja.com.mx\/?p=84794"},"modified":"2025-09-18T07:45:55","modified_gmt":"2025-09-18T13:45:55","slug":"opinion-el-obradorismo-como-simbolo-de-inmoralidad","status":"publish","type":"post","link":"https:\/\/zonaroja.com.mx\/?p=84794","title":{"rendered":"Opini\u00f3n. El obradorismo como s\u00edmbolo de inmoralidad"},"content":{"rendered":"\n<p>N\u00e9stor Y. S\u00e1nchez Islas.<\/p>\n\n\n\n<p>Desde el momento de su aparici\u00f3n en el mundo de la pol\u00edtica y la movilizaci\u00f3n social, viviendo una doble vida, L\u00f3pez Obrador construy\u00f3 una imagen de moralidad y justicia que, al paso del tiempo, fue m\u00e1s fuerte que cualquier discurso en contra. Se ufanaba de que todo le resbalaba y, en m\u00e1s de una ocasi\u00f3n, en su ma\u00f1anera, lleg\u00f3 a equipararse en grado de santidad a Jesucristo. Al \u00faltimo de sus hijos le puso un nombre simb\u00f3lico: Jes\u00fas por Jesucristo y Ernesto por el Che Guevara.<\/p>\n\n\n\n<p>Mientras por un lado a los ojos del p\u00fablico aparec\u00eda como un redentor, en las sombras construy\u00f3 una red de complicidades con gente de la peor ralea. No importaba, la lucha por el poder todo lo justificaba.<\/p>\n\n\n\n<p>Hoy, en el s\u00e9ptimo a\u00f1o de la transformaci\u00f3n,&nbsp;la realidad nos est\u00e1 mostrando la otra cara del obradorismo. Una cara siniestra que ya no puede ser ocultada detr\u00e1s de una pureza que nunca existi\u00f3.<\/p>\n\n\n\n<p>\u201cNo somos iguales. Oposici\u00f3n moralmente derrotada. Hay plumajes que cruzan el pantano y no se manchan\u2026 El presidente se entera de todos los grandes negocios y transas que se hacen en el pa\u00eds. Se acab\u00f3 el \u201chuachicol\u201d. En M\u00e9xico no se produce fentanilo\u201d. Son algunas de las frases que machaconamente repiti\u00f3&nbsp;\u00e9l&nbsp;y sus corifeos, algunos a sueldo y otros&nbsp;ofrecidos que gratuitamente&nbsp;reprodujeron por todos los medios&nbsp;la falsa imagen de honorabilidad,&nbsp;<\/p>\n\n\n\n<p>Fueron unos pocos a\u00f1os de gloria, de ser inalcanzable, de hacernos creer que era el mejor presidente de la Historia de M\u00e9xico, de&nbsp;escuchar a sus seguidores&nbsp;que,&nbsp;por cualquier pretexto,&nbsp;gritaban&nbsp;que era un honor estar con Obrador&nbsp;mientras se envolv\u00edan en la bandera de la soberan\u00eda y el patrioterismo barato. Quienes nos atrevimos a criticarlo fuimos v\u00edctimas de acoso digital por negarnos a compartir la falacia del obradorismo como s\u00edmbolo de moralidad y austeridad casi religiosa.<\/p>\n\n\n\n<p>Junto a \u00e9l creci\u00f3 la clase pol\u00edtica que hoy detenta el poder y, asimilando las propias palabras del redentor, siguieron su ejemplo como \u00e9l lo dec\u00eda. El resultado hoy lo vemos en cada esc\u00e1ndalo que sale a la luz: ladrones, corruptos, mentirosos y, sobre todo resentidos y c\u00ednicos.<\/p>\n\n\n\n<p>El recuento de&nbsp;este&nbsp;verano incluye a Alfonso Romo, su jefe de gabinete&nbsp;como&nbsp;un&nbsp;lavador de dinero. Ad\u00e1n Augusto, su Secretario de Gobernaci\u00f3n&nbsp;como aliado de La Barredora. Al Almirante Ojeda, su Secretario de Marina&nbsp;como el \u201chuachicolero\u201d mayor. Y de ah\u00ed, hacia abajo, Ricardo Monreal,&nbsp;P\u00edo,&nbsp;Pedro Haces, Noro\u00f1a, Rub\u00e9n Rocha Moya, Am\u00e9rico Villareal, Layda Sansores o hasta sus propios hijos.<\/p>\n\n\n\n<p>Del idealismo a la corrupci\u00f3n. Es un ciclo recurrente en la historia pol\u00edtica. Un movimiento o l\u00edder emerge con una promesa de cambio radical, denunciando las injusticias y la corrupci\u00f3n del sistema establecido. Se presentan como los salvadores, los redentores que van a limpiar la podredumbre pol\u00edtica y a restaurar la justicia&nbsp;social. Sus discursos, llenos de pasi\u00f3n y moralidad, conectan con la frustraci\u00f3n y la esperanza de la ciudadan\u00eda, que ve en ellos una salida a sus problemas. La gente les confiere su confianza, esperando que act\u00faen de manera diferente a sus predecesores.<\/p>\n\n\n\n<p>El obradorismo, una vez en el poder,&nbsp;cambi\u00f3 su supuesta lucha por el bien com\u00fan por la lucha por el beneficio&nbsp;personal. Sus&nbsp;ideales, si alguna vez los tuvieron, se diluyeron ante&nbsp;los billetes que ahora presumen. Se\u00f1alaron al avi\u00f3n presidencial como s\u00edmbolo de la opulencia de los neoliberales, pero&nbsp;hoy viajan en los mejores aviones, se hospedan en los mas caros hoteles y degustan las viandas&nbsp;m\u00e1s&nbsp;sofisticadas como sultanes de la transformaci\u00f3n.<\/p>\n\n\n\n<p>Lo que alguna vez fue presentado como un proyecto \u00e9tico para transformar al pa\u00eds, hoy enfrenta cuestionamientos por reproducir los mismos vicios del sistema que promet\u00eda erradicar. Lo que prometi\u00f3&nbsp;como&nbsp;una ruptura con los viejos vicios&nbsp;se transform\u00f3 en una reedici\u00f3n, corregida y aumentada de los viejos esquemas de poder.<\/p>\n\n\n\n<p>Los&nbsp;obradoristas&nbsp;que hoy aparecen en los medios&nbsp;no lo hacen por su logros o m\u00e9ritos de excelencia sino por los esc\u00e1ndalos en cada uno se mete al exhibir&nbsp;su ostentoso estilo de vida. Par mi como probablemente para muchos,&nbsp;el&nbsp;obradorismo es s\u00edmbolo de&nbsp;inmoralidad.<\/p>\n\n\n\n<p>LA REVOCACION NO ANDA EN BURRO.<\/p>\n\n\n\n<p>Cur\u00e1ndose en salud, el gobernador del estado&nbsp;anunci\u00f3 que se someter\u00e1 a la nefasta medida de revocaci\u00f3n de mandato, una medida hecha para tontos que alguna vez creyeron&nbsp;que el pueblo manda. Teniendo cada gobernador los hilos del poder y el control del dinero, no habr\u00e1 forma de&nbsp;realizar un&nbsp;ejercicio libre y transparente. Mientras tanto y por s\u00ed las moscas, ya mand\u00f3 a sus borregos del Congreso a modificar la Constituci\u00f3n para hacer de este ejercicio digno del populismo tropical&nbsp;oaxaque\u00f1o, una misi\u00f3n casi imposible de cumplir.&nbsp;Por lo pronto y para no correr riesgos, va la revocaci\u00f3n a modo&nbsp;como buenos obradoristas.<\/p>\n\n\n\n<p><a href=\"mailto:nestoryuri@yahoo.com\">nestoryuri@yahoo.com<\/a><\/p>\n","protected":false},"excerpt":{"rendered":"<p>N\u00e9stor Y. S\u00e1nchez Islas. Desde el momento de su aparici\u00f3n en el mundo de la&hellip;<\/p>\n","protected":false},"author":2,"featured_media":67897,"comment_status":"closed","ping_status":"open","sticky":false,"template":"","format":"standard","meta":{"_lmt_disableupdate":"","_lmt_disable":"","_jetpack_memberships_contains_paid_content":false,"footnotes":""},"categories":[456,109],"tags":[3050],"class_list":["post-84794","post","type-post","status-publish","format-standard","has-post-thumbnail","hentry","category-columna","category-minuto-a-minuto","tag-nestor-yuri-sanchez"],"jetpack_featured_media_url":"https:\/\/zonaroja.com.mx\/wp-content\/uploads\/2024\/05\/Opinion-Nestor-Yuri-Sanchez.jpeg","jetpack_sharing_enabled":true,"_links":{"self":[{"href":"https:\/\/zonaroja.com.mx\/index.php?rest_route=\/wp\/v2\/posts\/84794","targetHints":{"allow":["GET"]}}],"collection":[{"href":"https:\/\/zonaroja.com.mx\/index.php?rest_route=\/wp\/v2\/posts"}],"about":[{"href":"https:\/\/zonaroja.com.mx\/index.php?rest_route=\/wp\/v2\/types\/post"}],"author":[{"embeddable":true,"href":"https:\/\/zonaroja.com.mx\/index.php?rest_route=\/wp\/v2\/users\/2"}],"replies":[{"embeddable":true,"href":"https:\/\/zonaroja.com.mx\/index.php?rest_route=%2Fwp%2Fv2%2Fcomments&post=84794"}],"version-history":[{"count":1,"href":"https:\/\/zonaroja.com.mx\/index.php?rest_route=\/wp\/v2\/posts\/84794\/revisions"}],"predecessor-version":[{"id":84795,"href":"https:\/\/zonaroja.com.mx\/index.php?rest_route=\/wp\/v2\/posts\/84794\/revisions\/84795"}],"wp:featuredmedia":[{"embeddable":true,"href":"https:\/\/zonaroja.com.mx\/index.php?rest_route=\/wp\/v2\/media\/67897"}],"wp:attachment":[{"href":"https:\/\/zonaroja.com.mx\/index.php?rest_route=%2Fwp%2Fv2%2Fmedia&parent=84794"}],"wp:term":[{"taxonomy":"category","embeddable":true,"href":"https:\/\/zonaroja.com.mx\/index.php?rest_route=%2Fwp%2Fv2%2Fcategories&post=84794"},{"taxonomy":"post_tag","embeddable":true,"href":"https:\/\/zonaroja.com.mx\/index.php?rest_route=%2Fwp%2Fv2%2Ftags&post=84794"}],"curies":[{"name":"wp","href":"https:\/\/api.w.org\/{rel}","templated":true}]}}