{"id":84796,"date":"2025-09-18T13:00:00","date_gmt":"2025-09-18T19:00:00","guid":{"rendered":"https:\/\/zonaroja.com.mx\/?p=84796"},"modified":"2025-09-18T07:53:27","modified_gmt":"2025-09-18T13:53:27","slug":"la-gastronomia-oaxaquena-llego-emiratos-arabes-por-las-fiestas-patrias","status":"publish","type":"post","link":"https:\/\/zonaroja.com.mx\/?p=84796","title":{"rendered":"La gastronom\u00eda oaxaque\u00f1a lleg\u00f3 Emiratos \u00c1rabes por las fiestas patrias\u00a0"},"content":{"rendered":"\n<p>Lisbeth Mej\u00eda Reyes\/Zona Roja.<\/p>\n\n\n\n<p>Oaxaca, Oax., a 18 de septiembre de 2025.- Cocineras tradicionales de la regi\u00f3n Mixteca de Oaxaca llevaron la gastronom\u00eda de este estado a los Emiratos \u00c1rabes Unidos, en donde conquistaron paladares durante los festejos por el D\u00eda de la Independencia de M\u00e9xico.&nbsp;<\/p>\n\n\n\n<p>En la ceremonia en la ciudad de Abu Dhabi, las cocineras tambi\u00e9n se sumaron con su saz\u00f3n a este festejo enmarcado en el 50 aniversario del establecimiento de relaciones diplom\u00e1ticas entre M\u00e9xico y Emiratos \u00c1rabes Unidos.<\/p>\n\n\n\n<p>A trav\u00e9s de sus redes sociales, y por invitaci\u00f3n de las cocineras, el creador de contenido Pepe Vel\u00e1zquez registr\u00f3 el viaje de las originarias de Huajuapan de Le\u00f3n y de Tlaxiaco.<\/p>\n\n\n\n<p>Las cocineras Olga, Vicky, Maricela y Mayra fueron reconocidas por el embajador de M\u00e9xico en Emiratos \u00c1rabes Unidos, Luis Alfonso de Alba, quien en uno de los videos compartidos por Vel\u00e1zquez les confes\u00f3 que su estado favorito es Oaxaca.<\/p>\n\n\n\n<p>Con ingredientes e insumos transportados desde Oaxaca, las cuatro cocineras viajaron hasta ese pa\u00eds para deleitar a aproximadamente mil personas, principalmente connacionales radicados en Emiratos \u00c1rabes, as\u00ed como diplom\u00e1ticos de aquel pa\u00eds.<\/p>\n\n\n\n<p>En esta fiesta, el saz\u00f3n de las oaxaque\u00f1as gener\u00f3 una gran fila de personas emocionadas por reencontrarse con su pa\u00eds a trav\u00e9s de la comida, pero tambi\u00e9n a otras que quer\u00edan probar la vasta gastronom\u00eda mexicana, considerada patrimonio cultural de la humanidad desde el a\u00f1o 2010 por la Organizaci\u00f3n de las Naciones Unidas para la Educaci\u00f3n, la Ciencia y la Cultura, UNESCO.<\/p>\n\n\n\n<p>A partir de lo publicado por el tambi\u00e9n fot\u00f3grafo, se puede observar que en estos festejos por la Independencia de M\u00e9xico tambi\u00e9n hubo baile y convivencia entre quienes a\u00f1oran su pa\u00eds y que est\u00e1n en Emiratos \u00c1rabes por diversos motivos.<\/p>\n\n\n\n<figure class=\"wp-block-image size-full\"><img decoding=\"async\" width=\"800\" height=\"601\" src=\"https:\/\/zonaroja.com.mx\/wp-content\/uploads\/2025\/09\/Emiratos-arabes-cocineras-mixteca-Oaxaca.jpg\" alt=\"\" class=\"wp-image-84797\" srcset=\"https:\/\/zonaroja.com.mx\/wp-content\/uploads\/2025\/09\/Emiratos-arabes-cocineras-mixteca-Oaxaca.jpg 800w, https:\/\/zonaroja.com.mx\/wp-content\/uploads\/2025\/09\/Emiratos-arabes-cocineras-mixteca-Oaxaca-300x225.jpg 300w, https:\/\/zonaroja.com.mx\/wp-content\/uploads\/2025\/09\/Emiratos-arabes-cocineras-mixteca-Oaxaca-768x577.jpg 768w, https:\/\/zonaroja.com.mx\/wp-content\/uploads\/2025\/09\/Emiratos-arabes-cocineras-mixteca-Oaxaca-585x439.jpg 585w\" sizes=\"(max-width: 800px) 100vw, 800px\" \/><\/figure>\n\n\n\n<figure class=\"wp-block-embed is-type-rich is-provider-twitter wp-block-embed-twitter\"><div class=\"wp-block-embed__wrapper\">\n<div class=\"twitter-tweet\"><blockquote class=\"twitter-tweet\" data-lang=\"es\"><p lang=\"es\" dir=\"ltr\">\ud83d\udc4f\ud83d\udc4f\ud83d\udc4f\ud83d\udc4f\ud83d\udc4f<br>\u00a1La gastronom\u00eda oaxaque\u00f1a lleg\u00f3 Emiratos \u00c1rabes por las fiestas patrias!<br><br>Cocineras tradicionales de la Mixteca conquistaron paladares con mole, tlayudas, pozole, tostadas y una variedad de platillos.<br><br>Videos: Pepe Vel\u00e1squez. <a href=\"https:\/\/t.co\/lkEFNuBObW\">pic.twitter.com\/lkEFNuBObW<\/a><\/p>&mdash; Zona Roja Oaxaca (@ZonaRoja_Oaxaca) <a href=\"https:\/\/twitter.com\/ZonaRoja_Oaxaca\/status\/1968464355755704791?ref_src=twsrc%5Etfw\">17 de septiembre de 2025<\/a><\/blockquote><\/div>\n<\/div><\/figure>\n","protected":false},"excerpt":{"rendered":"<p>Lisbeth Mej\u00eda Reyes\/Zona Roja. Oaxaca, Oax., a 18 de septiembre de 2025.- Cocineras tradicionales de&hellip;<\/p>\n","protected":false},"author":2,"featured_media":84798,"comment_status":"closed","ping_status":"open","sticky":false,"template":"","format":"standard","meta":{"_lmt_disableupdate":"","_lmt_disable":"","_jetpack_memberships_contains_paid_content":false,"footnotes":""},"categories":[109,46],"tags":[4458],"class_list":["post-84796","post","type-post","status-publish","format-standard","has-post-thumbnail","hentry","category-minuto-a-minuto","category-zona-blanca","tag-emiratos-arabes"],"jetpack_featured_media_url":"https:\/\/zonaroja.com.mx\/wp-content\/uploads\/2025\/09\/Cocineras-mixtecas-en-Emiratos-Arabes.jpg","jetpack_sharing_enabled":true,"_links":{"self":[{"href":"https:\/\/zonaroja.com.mx\/index.php?rest_route=\/wp\/v2\/posts\/84796","targetHints":{"allow":["GET"]}}],"collection":[{"href":"https:\/\/zonaroja.com.mx\/index.php?rest_route=\/wp\/v2\/posts"}],"about":[{"href":"https:\/\/zonaroja.com.mx\/index.php?rest_route=\/wp\/v2\/types\/post"}],"author":[{"embeddable":true,"href":"https:\/\/zonaroja.com.mx\/index.php?rest_route=\/wp\/v2\/users\/2"}],"replies":[{"embeddable":true,"href":"https:\/\/zonaroja.com.mx\/index.php?rest_route=%2Fwp%2Fv2%2Fcomments&post=84796"}],"version-history":[{"count":1,"href":"https:\/\/zonaroja.com.mx\/index.php?rest_route=\/wp\/v2\/posts\/84796\/revisions"}],"predecessor-version":[{"id":84799,"href":"https:\/\/zonaroja.com.mx\/index.php?rest_route=\/wp\/v2\/posts\/84796\/revisions\/84799"}],"wp:featuredmedia":[{"embeddable":true,"href":"https:\/\/zonaroja.com.mx\/index.php?rest_route=\/wp\/v2\/media\/84798"}],"wp:attachment":[{"href":"https:\/\/zonaroja.com.mx\/index.php?rest_route=%2Fwp%2Fv2%2Fmedia&parent=84796"}],"wp:term":[{"taxonomy":"category","embeddable":true,"href":"https:\/\/zonaroja.com.mx\/index.php?rest_route=%2Fwp%2Fv2%2Fcategories&post=84796"},{"taxonomy":"post_tag","embeddable":true,"href":"https:\/\/zonaroja.com.mx\/index.php?rest_route=%2Fwp%2Fv2%2Ftags&post=84796"}],"curies":[{"name":"wp","href":"https:\/\/api.w.org\/{rel}","templated":true}]}}