{"id":84805,"date":"2025-09-18T17:49:00","date_gmt":"2025-09-18T23:49:00","guid":{"rendered":"https:\/\/zonaroja.com.mx\/?p=84805"},"modified":"2025-09-18T17:49:03","modified_gmt":"2025-09-18T23:49:03","slug":"aprueba-el-congreso-reforma-historica-en-pensiones-para-policias","status":"publish","type":"post","link":"https:\/\/zonaroja.com.mx\/?p=84805","title":{"rendered":"Aprueba el Congreso reforma hist\u00f3rica en pensiones para polic\u00edas\u00a0"},"content":{"rendered":"\n<p>Redacci\u00f3n\/Zona Roja.<\/p>\n\n\n\n<p>Oaxaca, Oax., a 18 de septiembre de 2025.- En un hecho hist\u00f3rico, el Congreso del Estado aprob\u00f3 el proyecto de decreto por el que se reforman, adicionan y derogan diversas disposiciones de la Ley de Pensiones para las y los Integrantes de las Instituciones Policiales de la Secretar\u00eda de Seguridad P\u00fablica del Estado de Oaxaca, con el prop\u00f3sito de garantizar un retiro digno y mayor seguridad para sus familias.&nbsp;<\/p>\n\n\n\n<p>La iniciativa fue presentada por el gobernador Salom\u00f3n Jara Cruz y despu\u00e9s de un amplio an\u00e1lisis, las Comisiones Permanentes Unidas de Seguridad P\u00fablica y Protecci\u00f3n Civil; y de Administraci\u00f3n P\u00fablica emitieron el dictamen que fue avalado con 35 votos en Sesi\u00f3n Extraordinaria.&nbsp;<\/p>\n\n\n\n<p>La reforma busca modernizar el sistema de pensiones policiales, garantizar la sostenibilidad financiera del fondo y reconocer las condiciones laborales de alto riesgo de los cuerpos de seguridad, as\u00ed como asegurar la protecci\u00f3n integral a las y los beneficiarios, con miras a construir un sistema m\u00e1s justo, proporcional y sostenible en el tiempo.&nbsp;<\/p>\n\n\n\n<p>Entre los principales cambios al Sistema de Pensiones y Prestaciones se encuentran la Redefinici\u00f3n del Salario de Cotizaci\u00f3n: ahora no solo se considera el sueldo, sino tambi\u00e9n prestaciones como apoyos alimentarios, culturales y de previsi\u00f3n social.<\/p>\n\n\n\n<p>Incremento gradual de cuotas y aportaciones, lo que significa un aumento gradual, donde los elementos aportar\u00e1n del 2 al 9% hasta el 2032, y las instituciones del 5 al 21% hasta 2041, asegurando con ello, un fondo s\u00f3lido sin afectar la econom\u00eda de nadie.&nbsp;<\/p>\n\n\n\n<p>De igual forma se establece un Nuevo C\u00e1lculo del Salario Regulador, donde la pensi\u00f3n se determinar\u00e1 con el promedio de hasta 10 a\u00f1os, actualizado con la inflaci\u00f3n, garantizando que las y los polic\u00edas mantengan su poder adquisitivo en el retiro.<\/p>\n\n\n\n<p>La Reconfiguraci\u00f3n de Pensiones, quedando por retiro voluntario desde los 50 a\u00f1os con 20 a\u00f1os de servicio, cesant\u00eda en edad avanzada, pensi\u00f3n por invalidez o inhabilitaci\u00f3n y pensi\u00f3n para beneficiarias y beneficiarios en caso de fallecimiento, con porcentajes que van del 40 al 90% del salario regulador.<\/p>\n\n\n\n<p>Asimismo, la Protecci\u00f3n Integral a Beneficiarios, con la inclusi\u00f3n de c\u00f3nyuges, concubinos, hijas e hijos con discapacidad o en estudios, y madres y padres dependientes ahora est\u00e1n plenamente reconocidos como beneficiarios y en caso de fallecimiento, la pensi\u00f3n se transfiere en su totalidad.<\/p>\n\n\n\n<p>Se crea un Programa Especial para Polic\u00edas Juveniles, quienes acumulen 30 a\u00f1os de servicio podr\u00e1n acceder a una pensi\u00f3n del 75% sin importar la edad.&nbsp;<\/p>\n\n\n\n<p>Y, por \u00faltimo, la Devoluci\u00f3n de Cuotas, con la cual, elementos con 20 a\u00f1os de cotizaci\u00f3n sin derecho a pensi\u00f3n podr\u00e1n recuperar el 50% de sus cuotas, una medida que compensa a quienes dedicaron gran parte de su vida al servicio p\u00fablico.<\/p>\n\n\n\n<p>Las y los diputados Benjam\u00edn Viveros Montalvo, Presidente de la Junta de Coordinaci\u00f3n Pol\u00edtica (Jucopo); Antonia Natividad D\u00edaz Jim\u00e9nez, Presidenta de la Mesa Directiva; Iv\u00e1n Osael Quiroz Mart\u00ednez, Presidente de la Comisi\u00f3n Permanente de Seguridad P\u00fablica y Protecci\u00f3n Civil; M\u00f3nica Bel\u00e9n L\u00f3pez Javier, Presidenta de la Comisi\u00f3n Permanente de Administraci\u00f3n P\u00fablica; Javier Casique Z\u00e1rate del Partido Revolucionario Institucional (PRI); Dulce Alejandra Garc\u00eda Morlan de Movimiento Ciudadano; Dante Monta\u00f1o Montero, Coordinador del Partido del Trabajo (PT); Lizbeth Anaid Concha Ojeda, Coordinadora del Grupo Plural.&nbsp;<\/p>\n\n\n\n<p>Cabe destacar que asistieron a la sesi\u00f3n extraordinaria funcionariado p\u00fablico del Gobierno del Estado, tal es el caso de: Karina Bar\u00f3n Ortiz, Secretaria Ejecutiva del Sistema Estatal de Seguridad P\u00fablica (SESESP); Capit\u00e1n Iv\u00e1n Garc\u00eda \u00c1lvarez, Secretario de Seguridad y Protecci\u00f3n Ciudadana (SSPC); comisario General Francisco Santiago Garc\u00eda, Comisionado de la Polic\u00eda Estatal; el comisario Gilberto \u00c1ngel Hern\u00e1ndez Villarreal, Jefe de Estado Mayor.<\/p>\n\n\n\n<p>As\u00ed como Geovany V\u00e1squez Sagrero, titular de la Consejer\u00eda Jur\u00eddica y Asistencia Legal del Gobierno del Estado; Jos\u00e9 Elpidio Altamirano L\u00f3pez, Director General de la Oficina de Pensiones; Jorge Arturo Rivas Fern\u00e1ndez, Director del Heroico Cuerpo de Bomberos; Juan Antonio Cabrera S\u00e1nchez, en representaci\u00f3n de la Secretar\u00eda de Finanzas (Sefin); Toribio L\u00f3pez S\u00e1nchez, Director General de la Polic\u00eda Vial Estatal; Mariel L\u00f3pez Mart\u00ednez, Subdirectora de la Polic\u00eda Auxiliar, Bancaria, Industrial y Comercial (PABIC), y representantes e Integrantes de las instituciones policiales.<\/p>\n","protected":false},"excerpt":{"rendered":"<p>Redacci\u00f3n\/Zona Roja. Oaxaca, Oax., a 18 de septiembre de 2025.- En un hecho hist\u00f3rico, el&hellip;<\/p>\n","protected":false},"author":2,"featured_media":84806,"comment_status":"closed","ping_status":"open","sticky":false,"template":"","format":"standard","meta":{"_lmt_disableupdate":"","_lmt_disable":"","_jetpack_memberships_contains_paid_content":false,"footnotes":""},"categories":[109,46],"tags":[303],"class_list":["post-84805","post","type-post","status-publish","format-standard","has-post-thumbnail","hentry","category-minuto-a-minuto","category-zona-blanca","tag-congreso-del-estado-de-oaxaca"],"jetpack_featured_media_url":"https:\/\/zonaroja.com.mx\/wp-content\/uploads\/2025\/09\/Sesion-extraordinaria-Congreso-Ley-de-Pensiones.jpeg","jetpack_sharing_enabled":true,"_links":{"self":[{"href":"https:\/\/zonaroja.com.mx\/index.php?rest_route=\/wp\/v2\/posts\/84805","targetHints":{"allow":["GET"]}}],"collection":[{"href":"https:\/\/zonaroja.com.mx\/index.php?rest_route=\/wp\/v2\/posts"}],"about":[{"href":"https:\/\/zonaroja.com.mx\/index.php?rest_route=\/wp\/v2\/types\/post"}],"author":[{"embeddable":true,"href":"https:\/\/zonaroja.com.mx\/index.php?rest_route=\/wp\/v2\/users\/2"}],"replies":[{"embeddable":true,"href":"https:\/\/zonaroja.com.mx\/index.php?rest_route=%2Fwp%2Fv2%2Fcomments&post=84805"}],"version-history":[{"count":1,"href":"https:\/\/zonaroja.com.mx\/index.php?rest_route=\/wp\/v2\/posts\/84805\/revisions"}],"predecessor-version":[{"id":84807,"href":"https:\/\/zonaroja.com.mx\/index.php?rest_route=\/wp\/v2\/posts\/84805\/revisions\/84807"}],"wp:featuredmedia":[{"embeddable":true,"href":"https:\/\/zonaroja.com.mx\/index.php?rest_route=\/wp\/v2\/media\/84806"}],"wp:attachment":[{"href":"https:\/\/zonaroja.com.mx\/index.php?rest_route=%2Fwp%2Fv2%2Fmedia&parent=84805"}],"wp:term":[{"taxonomy":"category","embeddable":true,"href":"https:\/\/zonaroja.com.mx\/index.php?rest_route=%2Fwp%2Fv2%2Fcategories&post=84805"},{"taxonomy":"post_tag","embeddable":true,"href":"https:\/\/zonaroja.com.mx\/index.php?rest_route=%2Fwp%2Fv2%2Ftags&post=84805"}],"curies":[{"name":"wp","href":"https:\/\/api.w.org\/{rel}","templated":true}]}}