{"id":84808,"date":"2025-09-18T19:06:36","date_gmt":"2025-09-19T01:06:36","guid":{"rendered":"https:\/\/zonaroja.com.mx\/?p=84808"},"modified":"2025-09-18T19:07:44","modified_gmt":"2025-09-19T01:07:44","slug":"asesinan-a-un-individuo-en-juchitan-y-a-otro-en-jamiltepec-balacera-en-la-uabjo","status":"publish","type":"post","link":"https:\/\/zonaroja.com.mx\/?p=84808","title":{"rendered":"Asesinan a un individuo en Juchit\u00e1n y a otro en Jamiltepec; balacera en la UABJO"},"content":{"rendered":"\n<p>Raymundo Morales\/Zona Roja. Foto: ADN Sureste.<\/p>\n\n\n\n<p>Oaxaca, Oax., a 18 de septiembre de 2025.- Una persona del sexo masculino, de oficio mototaxista, fue asesinada a balazos la tarde de este jueves en el municipio de Juchit\u00e1n de Zaragoza.<\/p>\n\n\n\n<p>El ataque armado ocurri\u00f3 en la colonia Luis Donaldo Colosio, donde sujetos armados acribillaron al individuo que se hallaba en su unidad de motor estacionada.<\/p>\n\n\n\n<p>La v\u00edctima fue identificada de manera preliminar como Iv\u00e1n V. y hasta el momento se desconoce el m\u00f3vil del crimen; tampoco hay detenidos por este homicidio.<\/p>\n\n\n\n<p>Mientras tanto en el municipio de Santiago Jamiltepec, un var\u00f3n fue ultimado a balazos, hechos ocurridos en la comunidad Uni\u00f3n Linda Vista.<\/p>\n\n\n\n<p>El cuerpo de la v\u00edctima, a\u00fan no identificada, fue localizada a un costado de la carretera a dicha poblaci\u00f3n, con varios impactos de arma de fuego; en este caso tampoco hay pistas del origen de la agresi\u00f3n armada.<\/p>\n\n\n\n<p>Mientras tanto, en la Facultad de Derecho y Ciencias Sociales, sede Ciudad Universitaria, de la Universidad Aut\u00f3noma \u201cBenito Ju\u00e1rez\u201d de Oaxaca, se suscito una balacera, presuntamente entre grupos de porros.<\/p>\n\n\n\n<p>De acuerdo con versiones extraoficiales, por lo menos una persona fue lesionada por impacto de arma de fuego, identificada de manera preliminar como Carlos Ortiz \u00c1ngeles.<\/p>\n\n\n\n<p>Personal de la Cruz Roja Mexicana arrib\u00f3 al sitio para atenderlo y posteriormente trasladarlo a un hospital; su estado de salud es reportado como estable y presenta balazos en la pierna y en la cadera.<\/p>\n","protected":false},"excerpt":{"rendered":"<p>Raymundo Morales\/Zona Roja. Foto: ADN Sureste. Oaxaca, Oax., a 18 de septiembre de 2025.- Una&hellip;<\/p>\n","protected":false},"author":2,"featured_media":84810,"comment_status":"closed","ping_status":"open","sticky":false,"template":"","format":"standard","meta":{"_lmt_disableupdate":"","_lmt_disable":"","_jetpack_memberships_contains_paid_content":false,"footnotes":""},"categories":[109,51],"tags":[297],"class_list":["post-84808","post","type-post","status-publish","format-standard","has-post-thumbnail","hentry","category-minuto-a-minuto","category-zona-roja","tag-ejecutado-juchitan"],"jetpack_featured_media_url":"https:\/\/zonaroja.com.mx\/wp-content\/uploads\/2025\/09\/Mototaxista-asesinado-Juchitan.jpeg","jetpack_sharing_enabled":true,"_links":{"self":[{"href":"https:\/\/zonaroja.com.mx\/index.php?rest_route=\/wp\/v2\/posts\/84808","targetHints":{"allow":["GET"]}}],"collection":[{"href":"https:\/\/zonaroja.com.mx\/index.php?rest_route=\/wp\/v2\/posts"}],"about":[{"href":"https:\/\/zonaroja.com.mx\/index.php?rest_route=\/wp\/v2\/types\/post"}],"author":[{"embeddable":true,"href":"https:\/\/zonaroja.com.mx\/index.php?rest_route=\/wp\/v2\/users\/2"}],"replies":[{"embeddable":true,"href":"https:\/\/zonaroja.com.mx\/index.php?rest_route=%2Fwp%2Fv2%2Fcomments&post=84808"}],"version-history":[{"count":1,"href":"https:\/\/zonaroja.com.mx\/index.php?rest_route=\/wp\/v2\/posts\/84808\/revisions"}],"predecessor-version":[{"id":84809,"href":"https:\/\/zonaroja.com.mx\/index.php?rest_route=\/wp\/v2\/posts\/84808\/revisions\/84809"}],"wp:featuredmedia":[{"embeddable":true,"href":"https:\/\/zonaroja.com.mx\/index.php?rest_route=\/wp\/v2\/media\/84810"}],"wp:attachment":[{"href":"https:\/\/zonaroja.com.mx\/index.php?rest_route=%2Fwp%2Fv2%2Fmedia&parent=84808"}],"wp:term":[{"taxonomy":"category","embeddable":true,"href":"https:\/\/zonaroja.com.mx\/index.php?rest_route=%2Fwp%2Fv2%2Fcategories&post=84808"},{"taxonomy":"post_tag","embeddable":true,"href":"https:\/\/zonaroja.com.mx\/index.php?rest_route=%2Fwp%2Fv2%2Ftags&post=84808"}],"curies":[{"name":"wp","href":"https:\/\/api.w.org\/{rel}","templated":true}]}}