{"id":8481,"date":"2020-02-06T13:41:34","date_gmt":"2020-02-06T19:41:34","guid":{"rendered":"https:\/\/www.zonaroja.com.mx\/?p=8481"},"modified":"2020-02-06T19:21:30","modified_gmt":"2020-02-07T01:21:30","slug":"ignora-fiscal-de-oaxaca-llamado-de-congreso-para-atender-personalmente-a-victimas-en-ixtayutla","status":"publish","type":"post","link":"https:\/\/zonaroja.com.mx\/?p=8481","title":{"rendered":"Ignora fiscal de Oaxaca llamado de Congreso para atender personalmente a v\u00edctimas en Ixtayutla"},"content":{"rendered":"\n<p>Yuridiana Sosa\/Zona Roja.<\/p>\n\n\n\n<p><br>Oaxaca de Ju\u00e1rez, Oax., 6 de febrero de 2020.- A 10 d\u00edas del ataque y a una semana del exhorto por parte de la 64 Legislatura de Oaxaca, personal de la Fiscal\u00eda General del Estado acudi\u00f3 a la comunidad de Santiago Ixtayutla, donde se cometi\u00f3 un triple feminicidio, para ofrecer atenci\u00f3n integral a las v\u00edctimas de un ataque armado, pero no asisti\u00f3 fiscal Rub\u00e9n Vasconcelos M\u00e9ndez, como se requiri\u00f3.<br>El pleno del Congreso de Oaxaca aprob\u00f3 el pasado 29 de enero un exhorto para que el fiscal General de Oaxaca acudiera a Ixtayutla para atestiguar el da\u00f1o causado a las v\u00edctimas directas e indirectas de una balacera el 25 de enero, donde una madre y sus dos menores hijas murieron, adem\u00e1s del registro de otros heridos.<br>A trav\u00e9s de la cuenta oficial del organismo de justicia de en redes sociales, dio a conocer que \u00fanicamente personal de la Fiscal\u00eda acudi\u00f3 a Santiago Ixtayutla; desatendiendo con esto el llamado legislativo que adem\u00e1s se ha pronunciado en su contra por la escasa eficacia.<br>Personal de la Vicefiscal\u00eda de Atenci\u00f3n a V\u00edctimas y a la Sociedad, \u201cgestion\u00f3 la atenci\u00f3n de servicios m\u00e9dicos, asistencia social, atenci\u00f3n psicol\u00f3gica y atenci\u00f3n jur\u00eddica\u201d, inform\u00f3.<br>https:\/\/twitter.com\/FISCALIA_GobOax\/status\/1225155413458505728?s=20 <\/p>\n\n\n\n<p>La Fiscal\u00eda General dijo que fueron 15 las familias afectadas de manera directa e indirecta del ataque, las cuales recibieron bolsas de despensa y ropa.<br>Para dar aviso sobre la actividad realizada, la Fiscal\u00eda etiquet\u00f3 en su publicaci\u00f3n a organismos de gobierno y organizaciones civiles de protecci\u00f3n y defensa a los derechos humanos, entre ellos a la Comisi\u00f3n Nacional para Prevenir y Erradicar la Violencia contra las Mujeres (Conavim), Sistema Nacional de Protecci\u00f3n Integral de Ni\u00f1as, Ni\u00f1os y Adolescentes, M\u00e9xico Eval\u00faa, Observatorio Nacional Ciudadano.<\/p>\n\n\n\n<p>Pero, adem\u00e1s del llamado no atendido en este caso, Vasconcelos M\u00e9ndez tampoco ha dado luces sobre la creaci\u00f3n de una nueva fiscal\u00eda especial para la atenci\u00f3n de los feminicidios, ante el incremento de violencia a las mujeres en la entidad a pesar de contar con Alerta de G\u00e9nero.<\/p>\n\n\n\n<p>El presidente de la Junta de Coordinaci\u00f3n Pol\u00edtica (Jucopo) de la 64 Legislatura, Horacio Sosa Villavicencio, ha enfatizado en la renuncia del titular de la Fiscal\u00eda General por la impunidad ante la violencia generalizada en la entidad.<\/p>\n\n\n\n<p>En lugar de ello, el fiscal Rub\u00e9n Vascoceha recibido a organizaciones sociales, como Afodepo, y autoridades municipales, de las que no detalla en redes sociales la justificaci\u00f3n o naturaleza de la demanda de quienes ha atendido, reuniones que ha difundido en redes sociales. <\/p>\n\n\n\n<figure class=\"wp-block-embed-twitter wp-block-embed is-type-rich is-provider-twitter\"><div class=\"wp-block-embed__wrapper\">\n<div class=\"twitter-tweet\"><blockquote class=\"twitter-tweet\" data-lang=\"es\"><p lang=\"es\" dir=\"ltr\">Con la participaci\u00f3n de casi 50 autoridades municipales de las 8 regiones de Oaxaca, el Fiscal General <a href=\"https:\/\/twitter.com\/RVasconcelosM?ref_src=twsrc%5Etfw\">@RVasconcelosM<\/a> se reuni\u00f3 con integrantes de la Asociaci\u00f3n para el Fomento y Desarrollo de los Pueblos de Oaxaca <a href=\"https:\/\/twitter.com\/hashtag\/AFODEPO?src=hash&amp;ref_src=twsrc%5Etfw\">#AFODEPO<\/a>, encabezada por su presidente Mauro Cruz C. <a href=\"https:\/\/twitter.com\/afodepoac?ref_src=twsrc%5Etfw\">@afodepoac<\/a> <a href=\"https:\/\/t.co\/qqpSUmJUf9\">pic.twitter.com\/qqpSUmJUf9<\/a><\/p>&mdash; Fiscal\u00eda General (@FISCALIA_GobOax) <a href=\"https:\/\/twitter.com\/FISCALIA_GobOax\/status\/1224905099224334337?ref_src=twsrc%5Etfw\">5 de febrero de 2020<\/a><\/blockquote><\/div>\n<\/div><\/figure>\n","protected":false},"excerpt":{"rendered":"<p>Yuridiana Sosa\/Zona Roja. Oaxaca de Ju\u00e1rez, Oax., 6 de febrero de 2020.- A 10 d\u00edas&hellip;<\/p>\n","protected":false},"author":2,"featured_media":8480,"comment_status":"closed","ping_status":"open","sticky":false,"template":"","format":"standard","meta":{"_lmt_disableupdate":"","_lmt_disable":"","_jetpack_memberships_contains_paid_content":false,"footnotes":""},"categories":[109,47],"tags":[494,170],"class_list":["post-8481","post","type-post","status-publish","format-standard","has-post-thumbnail","hentry","category-minuto-a-minuto","category-zona-gris","tag-fiscalia-general-del-estado-de-oaxaca","tag-ruben-vasconcelos-mendez"],"jetpack_featured_media_url":"https:\/\/zonaroja.com.mx\/wp-content\/uploads\/2020\/02\/img_6174.jpg","jetpack_sharing_enabled":true,"_links":{"self":[{"href":"https:\/\/zonaroja.com.mx\/index.php?rest_route=\/wp\/v2\/posts\/8481","targetHints":{"allow":["GET"]}}],"collection":[{"href":"https:\/\/zonaroja.com.mx\/index.php?rest_route=\/wp\/v2\/posts"}],"about":[{"href":"https:\/\/zonaroja.com.mx\/index.php?rest_route=\/wp\/v2\/types\/post"}],"author":[{"embeddable":true,"href":"https:\/\/zonaroja.com.mx\/index.php?rest_route=\/wp\/v2\/users\/2"}],"replies":[{"embeddable":true,"href":"https:\/\/zonaroja.com.mx\/index.php?rest_route=%2Fwp%2Fv2%2Fcomments&post=8481"}],"version-history":[{"count":2,"href":"https:\/\/zonaroja.com.mx\/index.php?rest_route=\/wp\/v2\/posts\/8481\/revisions"}],"predecessor-version":[{"id":8493,"href":"https:\/\/zonaroja.com.mx\/index.php?rest_route=\/wp\/v2\/posts\/8481\/revisions\/8493"}],"wp:featuredmedia":[{"embeddable":true,"href":"https:\/\/zonaroja.com.mx\/index.php?rest_route=\/wp\/v2\/media\/8480"}],"wp:attachment":[{"href":"https:\/\/zonaroja.com.mx\/index.php?rest_route=%2Fwp%2Fv2%2Fmedia&parent=8481"}],"wp:term":[{"taxonomy":"category","embeddable":true,"href":"https:\/\/zonaroja.com.mx\/index.php?rest_route=%2Fwp%2Fv2%2Fcategories&post=8481"},{"taxonomy":"post_tag","embeddable":true,"href":"https:\/\/zonaroja.com.mx\/index.php?rest_route=%2Fwp%2Fv2%2Ftags&post=8481"}],"curies":[{"name":"wp","href":"https:\/\/api.w.org\/{rel}","templated":true}]}}