{"id":84814,"date":"2025-09-18T21:32:15","date_gmt":"2025-09-19T03:32:15","guid":{"rendered":"https:\/\/zonaroja.com.mx\/?p=84814"},"modified":"2025-09-18T21:36:08","modified_gmt":"2025-09-19T03:36:08","slug":"decena-de-bloqueos-y-protestas-desatan-crisis-en-oaxaca-previo-a-llegada-de-sheinbaum","status":"publish","type":"post","link":"https:\/\/zonaroja.com.mx\/?p=84814","title":{"rendered":"Decena de bloqueos y protestas desatan crisis en Oaxaca, previo a llegada de Sheinbaum"},"content":{"rendered":"\n<p>Raymundo Morales\/Zona Roja.<\/p>\n\n\n\n<p>Oaxaca, Oax., a 18 de septiembre de 2025.- Al menos una decena de protestas y bloqueos de vialidades se registraron este jueves en Oaxaca, a unas horas de la llegada de la llegada de la Presidenta Claudia Sheinbaum, quien har\u00e1 un balance de su primer informe de gobierno.<\/p>\n\n\n\n<p>Las manifestaciones comenzaron poco despu\u00e9s de las seis de la ma\u00f1ana, por parte de padres de familia de un centro preescolar ubicado en la calle prolongaci\u00f3n de Alianza, a un costado del predio donde se construye un nuevo estadio de b\u00e9isbol, en la capital, que sustituir\u00e1 al \u201cEduardo Vasconcelos\u201d.<\/p>\n\n\n\n<p>Los inconformes bloquearon hasta el mediod\u00eda el bulevar Eduardo Vasconcelos y calles aleda\u00f1as, para exigir mayor seguridad para ni\u00f1as y ni\u00f1os, as\u00ed como sus tutores, pues cotidianamente pasan entre escombros, tr\u00e1ileres, camiones tipo volteo y materiales de construcci\u00f3n pesados.<\/p>\n\n\n\n<p>Se quejaron que desde diciembre pasado hab\u00edan solicitado por escrito se garantizara la seguridad en la zona, pero nadie les hizo caso, por lo que tuvieron que tomar esa medida; despu\u00e9s del mediod\u00eda se retiraron de la zona.<\/p>\n\n\n\n<p>EL CSEIIO<\/p>\n\n\n\n<p>Poco despu\u00e9s de las ocho de la ma\u00f1ana, en la calle \u00c1lamos de la colonia Reforma, en la ciudad, sindicalizados del Colegio Superior de Educaci\u00f3n Integral Intercultural de Oaxaca (CSEIIO) bloquearon las oficinas en demanda de aumento salarial, que ya se les hab\u00eda prometido.<\/p>\n\n\n\n<p>Frente a la incapacidad del titular, Ren\u00e9 V\u00e1squez Castillejos, para atender la demanda, se trasladaron hacia la calzada H\u00e9roes de Chapultepec, donde bloquearon durante todo el d\u00eda.<\/p>\n\n\n\n<p>Por la tarde y bajo el compromiso de atender a la brevedad su petici\u00f3n, se trasladaron al Centro de Convenciones, jurisdicci\u00f3n de Santa Luc\u00eda del Camino, donde bloquearon la avenida L\u00e1zaro C\u00e1rdenas; hasta el momento no les han dado soluci\u00f3n. <\/p>\n\n\n\n<p>LOS JUBILADOS<\/p>\n\n\n\n<p>Mientras que cerca del mediod\u00eda, un grupo de docentes jubilados, afiliados a la Secci\u00f3n 22 del Sindicato Nacional de Trabajadores de la Educaci\u00f3n, cerraron la avenida Ju\u00e1rez esquina doctor Pardo, as\u00ed como parte de Pino Su\u00e1rez.<\/p>\n\n\n\n<p>Ello en la exigencia de la revisi\u00f3n de sus demandas respecto a cargos convenidos para supervisores, as\u00ed como directores de planteles.<\/p>\n\n\n\n<p>ANTORCHISTAS<\/p>\n\n\n\n<p>En tanto que afuera del Palacio de Gobierno de Oaxaca, un grupo de integrantes de la Federaci\u00f3n Nacional de Estudiantes Revolucionarios \u201cRafael Ram\u00edrez\u201d, afiliados a Antorcha Campesina, protest\u00f3 por unas horas.<\/p>\n\n\n\n<p>Ello para anunciar movilizaciones ma\u00f1ana, en el marco de la visita de la Presidenta Claudia Sheinbaum, y el pr\u00f3ximo lunes afuera del Palacio Nacional, en la Ciudad de M\u00e9xico, para denunciar que a\u00fan no se soluciona el despojo de un albergue en Miahuatl\u00e1n de Porfirio D\u00edaz.<\/p>\n\n\n\n<p>ZAACHILA<\/p>\n\n\n\n<p>Mientras tanto, un grupo de habitantes de la Villa de Zaachila \u201ctom\u00f3\u201d las oficinas de la Delegaci\u00f3n Bienestar, a un costado de la carretera federal Oaxaca-Istmo, en jurisdicci\u00f3n de San Agust\u00edn Yatareni, para exigir la entrega de recursos para zonas ind\u00edgenas.<\/p>\n\n\n\n<p>Al no tener respuestas de la delegada Nancy Ortiz Cabrera, cerraron la carretera Oaxaca-Puerto \u00c1ngel, a la altura del crucero conocido como la Y, donde hasta esta hora a\u00fan permanecen.<\/p>\n\n\n\n<p>BACHILLERATO<\/p>\n\n\n\n<p>Por un conflicto interno, un grupo de docentes adscritos al Centro de Bachillerato Tecnol\u00f3gico, Industrial y de Servicios 123 (CBTIS), ubicado en Santa Luc\u00eda del Camino, cerraron el plantel, con lo cual impidieron el desarrollo de las labores educativas.<\/p>\n\n\n\n<p>SALINA CRUZ<\/p>\n\n\n\n<p>Mientras que en el municipio de Salina Cruz, cientos de taxistas bloquearon vialidades de esa ciudad y puerto, en demanda de mayor seguridad, ante la ola de asaltos y homicidios que se han registrado.<\/p>\n\n\n\n<p>SECCI\u00d3N 22<\/p>\n\n\n\n<p>Mientras tanto, la Secci\u00f3n 22 del Sindicato Nacional de Trabajadores de la Educaci\u00f3n emiti\u00f3 un comunicado para convocar a una representaci\u00f3n magisterial para ma\u00f1ana, durante el acto masivo que presidir\u00e1 la Presidenta Claudia Sheinbaum en la ciudad de Oaxaca, para rendir su informe regional de labores.<\/p>\n","protected":false},"excerpt":{"rendered":"<p>Raymundo Morales\/Zona Roja. Oaxaca, Oax., a 18 de septiembre de 2025.- Al menos una decena&hellip;<\/p>\n","protected":false},"author":2,"featured_media":84816,"comment_status":"closed","ping_status":"open","sticky":false,"template":"","format":"standard","meta":{"_lmt_disableupdate":"","_lmt_disable":"","_jetpack_memberships_contains_paid_content":false,"footnotes":""},"categories":[109,47],"tags":[1975],"class_list":["post-84814","post","type-post","status-publish","format-standard","has-post-thumbnail","hentry","category-minuto-a-minuto","category-zona-gris","tag-bloqueos-carreteros-oaxaca"],"jetpack_featured_media_url":"https:\/\/zonaroja.com.mx\/wp-content\/uploads\/2025\/09\/Bloqueos-y-protestas-Oaxaca.jpg","jetpack_sharing_enabled":true,"_links":{"self":[{"href":"https:\/\/zonaroja.com.mx\/index.php?rest_route=\/wp\/v2\/posts\/84814","targetHints":{"allow":["GET"]}}],"collection":[{"href":"https:\/\/zonaroja.com.mx\/index.php?rest_route=\/wp\/v2\/posts"}],"about":[{"href":"https:\/\/zonaroja.com.mx\/index.php?rest_route=\/wp\/v2\/types\/post"}],"author":[{"embeddable":true,"href":"https:\/\/zonaroja.com.mx\/index.php?rest_route=\/wp\/v2\/users\/2"}],"replies":[{"embeddable":true,"href":"https:\/\/zonaroja.com.mx\/index.php?rest_route=%2Fwp%2Fv2%2Fcomments&post=84814"}],"version-history":[{"count":2,"href":"https:\/\/zonaroja.com.mx\/index.php?rest_route=\/wp\/v2\/posts\/84814\/revisions"}],"predecessor-version":[{"id":84818,"href":"https:\/\/zonaroja.com.mx\/index.php?rest_route=\/wp\/v2\/posts\/84814\/revisions\/84818"}],"wp:featuredmedia":[{"embeddable":true,"href":"https:\/\/zonaroja.com.mx\/index.php?rest_route=\/wp\/v2\/media\/84816"}],"wp:attachment":[{"href":"https:\/\/zonaroja.com.mx\/index.php?rest_route=%2Fwp%2Fv2%2Fmedia&parent=84814"}],"wp:term":[{"taxonomy":"category","embeddable":true,"href":"https:\/\/zonaroja.com.mx\/index.php?rest_route=%2Fwp%2Fv2%2Fcategories&post=84814"},{"taxonomy":"post_tag","embeddable":true,"href":"https:\/\/zonaroja.com.mx\/index.php?rest_route=%2Fwp%2Fv2%2Ftags&post=84814"}],"curies":[{"name":"wp","href":"https:\/\/api.w.org\/{rel}","templated":true}]}}