{"id":84819,"date":"2025-09-18T21:42:12","date_gmt":"2025-09-19T03:42:12","guid":{"rendered":"https:\/\/zonaroja.com.mx\/?p=84819"},"modified":"2025-09-18T21:42:14","modified_gmt":"2025-09-19T03:42:14","slug":"xoxocotlan-consolida-esfuerzos-interinstitucionales-en-vacunacion","status":"publish","type":"post","link":"https:\/\/zonaroja.com.mx\/?p=84819","title":{"rendered":"Xoxocotl\u00e1n consolida esfuerzos interinstitucionales en vacunaci\u00f3n"},"content":{"rendered":"\n<p>Redacci\u00f3n\/Zona Roja.<\/p>\n\n\n\n<p>Oaxaca, Oax., a 18 de septiembre de 2025.\u2013 En un esfuerzo por articular estrategias que garanticen una cobertura de vacunaci\u00f3n m\u00e1s amplia y efectiva en el municipio de Santa Cruz Xoxocotl\u00e1n, que encabeza la edil, Nancy Ben\u00edtez Z\u00e1rate, llev\u00f3 a cabo Segunda Reuni\u00f3n de Consolidaci\u00f3n del Consejo Municipal de Vacunaci\u00f3n.<\/p>\n\n\n\n<p>En el encuentro coordinado por la Direcci\u00f3n de Salud municipal y encabezado por Ben\u00edtez Z\u00e1rate, participaron representantes del IMSS Bienestar, de la Secretar\u00eda de la Defensa Nacional (Defensa), del Instituto de Seguridad y Servicios Sociales de los Trabajadores del Estado (ISSSTE), la Secretar\u00eda de Salud de Oaxaca y los Comit\u00e9s de Salud de colonias de Xoxocotl\u00e1n.<\/p>\n\n\n\n<p>\u201cSeguimos comprometidos con la poblaci\u00f3n para garantizar el derecho a la salud, para que las acciones de prevenci\u00f3n y vacunaci\u00f3n se traduzcan en resultados efectivos para proteger la vida y garantizar el bienestar de las generaciones presentes y futuras\u201d, recalc\u00f3 la edil.<\/p>\n\n\n\n<p>Asimismo, se destac\u00f3 que los esquemas de vacunaci\u00f3n se aplicar\u00e1n en instituciones educativas de nivel b\u00e1sico, universidades y a la poblaci\u00f3n en general, con la participaci\u00f3n de los siete centros de salud del municipio.<\/p>\n\n\n\n<p>Durante la reuni\u00f3n tambi\u00e9n se revisaron avances y se trazaron l\u00edneas de acci\u00f3n conjuntas para promover la prevenci\u00f3n de enfermedades y garantizar que ni\u00f1as, ni\u00f1os, j\u00f3venes y adultos accedan de manera oportuna a los biol\u00f3gicos, asegurando as\u00ed una cobertura amplia y equitativa.<\/p>\n\n\n\n<p>PREVENCI\u00d3N&nbsp;<\/p>\n\n\n\n<p>Por otra parte, en un hecho sin precedentes en el estado, el ayuntamiento de Santa Cruz Xoxocotl\u00e1n, que encabeza la edil, Nancy Ben\u00edtez Z\u00e1rate, instal\u00f3 el Comit\u00e9 del Grupo Municipal para la Prevenci\u00f3n del Embarazo en Adolescentes (GUMPEA), convirti\u00e9ndose en el primer municipio de Oaxaca en integrarlo de manera voluntaria.<\/p>\n\n\n\n<p>Esta acci\u00f3n refleja el inter\u00e9s del gobierno municipal en proteger la salud de las y los j\u00f3venes, impulsar la educaci\u00f3n sexual integral y fomentar acciones preventivas que contribuyan a reducir los embarazos en etapas tempranas.<\/p>\n\n\n\n<p>Al respecto, Ben\u00edtez Z\u00e1rate subray\u00f3 que este grupo no solo dar\u00e1 seguimiento a pol\u00edticas p\u00fablicas en la materia, sino que tambi\u00e9n dise\u00f1ar\u00e1 estrategias de prevenci\u00f3n, sensibilizaci\u00f3n y acompa\u00f1amiento a adolescentes y familias, con un enfoque de derechos humanos, equidad de g\u00e9nero y salud comunitaria.&nbsp;<\/p>\n\n\n\n<p>El comit\u00e9 qued\u00f3 conformado con un equipo interdisciplinario: como coordinadora, la presidenta del DIF Municipal, Yarazet Cruz Ben\u00edtez; como secretaria t\u00e9cnica, la titular de la Instancia Municipal de las Mujeres; adem\u00e1s de representantes de las direcciones de Salud, Educaci\u00f3n, Bienestar, el Instituto Municipal de la Juventud y la Unidad de Prevenci\u00f3n del Delito.<\/p>\n\n\n\n<p>Xoxocotl\u00e1n marca la pauta en la construcci\u00f3n de un municipio m\u00e1s informado, seguro y con perspectiva de futuro, demostrando que la transformaci\u00f3n se impulsa tambi\u00e9n desde la prevenci\u00f3n y el cuidado integral de la juventud.&nbsp;<\/p>\n","protected":false},"excerpt":{"rendered":"<p>Redacci\u00f3n\/Zona Roja. Oaxaca, Oax., a 18 de septiembre de 2025.\u2013 En un esfuerzo por articular&hellip;<\/p>\n","protected":false},"author":2,"featured_media":84820,"comment_status":"closed","ping_status":"open","sticky":false,"template":"","format":"standard","meta":{"_lmt_disableupdate":"","_lmt_disable":"","_jetpack_memberships_contains_paid_content":false,"footnotes":""},"categories":[109,46],"tags":[133],"class_list":["post-84819","post","type-post","status-publish","format-standard","has-post-thumbnail","hentry","category-minuto-a-minuto","category-zona-blanca","tag-santa-cruz-xoxocotlan"],"jetpack_featured_media_url":"https:\/\/zonaroja.com.mx\/wp-content\/uploads\/2025\/09\/Marcan-precedente-en-Xoxocotlan-con-Comite-de-Prevencion-del-Embarazo-en-Adolescentes-4.jpeg","jetpack_sharing_enabled":true,"_links":{"self":[{"href":"https:\/\/zonaroja.com.mx\/index.php?rest_route=\/wp\/v2\/posts\/84819","targetHints":{"allow":["GET"]}}],"collection":[{"href":"https:\/\/zonaroja.com.mx\/index.php?rest_route=\/wp\/v2\/posts"}],"about":[{"href":"https:\/\/zonaroja.com.mx\/index.php?rest_route=\/wp\/v2\/types\/post"}],"author":[{"embeddable":true,"href":"https:\/\/zonaroja.com.mx\/index.php?rest_route=\/wp\/v2\/users\/2"}],"replies":[{"embeddable":true,"href":"https:\/\/zonaroja.com.mx\/index.php?rest_route=%2Fwp%2Fv2%2Fcomments&post=84819"}],"version-history":[{"count":1,"href":"https:\/\/zonaroja.com.mx\/index.php?rest_route=\/wp\/v2\/posts\/84819\/revisions"}],"predecessor-version":[{"id":84821,"href":"https:\/\/zonaroja.com.mx\/index.php?rest_route=\/wp\/v2\/posts\/84819\/revisions\/84821"}],"wp:featuredmedia":[{"embeddable":true,"href":"https:\/\/zonaroja.com.mx\/index.php?rest_route=\/wp\/v2\/media\/84820"}],"wp:attachment":[{"href":"https:\/\/zonaroja.com.mx\/index.php?rest_route=%2Fwp%2Fv2%2Fmedia&parent=84819"}],"wp:term":[{"taxonomy":"category","embeddable":true,"href":"https:\/\/zonaroja.com.mx\/index.php?rest_route=%2Fwp%2Fv2%2Fcategories&post=84819"},{"taxonomy":"post_tag","embeddable":true,"href":"https:\/\/zonaroja.com.mx\/index.php?rest_route=%2Fwp%2Fv2%2Ftags&post=84819"}],"curies":[{"name":"wp","href":"https:\/\/api.w.org\/{rel}","templated":true}]}}