{"id":84823,"date":"2025-09-19T07:15:00","date_gmt":"2025-09-19T13:15:00","guid":{"rendered":"https:\/\/zonaroja.com.mx\/?p=84823"},"modified":"2025-09-19T07:21:57","modified_gmt":"2025-09-19T13:21:57","slug":"validan-plan-municipal-de-desarrollo-para-oaxaca-de-juarez","status":"publish","type":"post","link":"https:\/\/zonaroja.com.mx\/?p=84823","title":{"rendered":"Validan Plan Municipal de Desarrollo para Oaxaca de Ju\u00e1rez"},"content":{"rendered":"\n<p>Redacci\u00f3n\/Zona Roja.<\/p>\n\n\n\n<p>Oaxaca, Oax., a 19 de septiembre de 2025.- El ayuntamiento de Oaxaca de Ju\u00e1rez, que preside Ray Chagoya, recibi\u00f3 la validaci\u00f3n t\u00e9cnica del Plan Municipal de Desarrollo 2025-2028 por parte del Instituto de Planeaci\u00f3n para el Bienestar (Inplabien), convirti\u00e9ndose en el primer municipio del estado en obtener este importante reconocimiento.<\/p>\n\n\n\n<p>La validaci\u00f3n, entregada por la titular del Inplabien, Juanita Cruz Cruz, confirma que el documento cumple con los lineamientos establecidos y que sus metas se encuentran alineadas con el Plan Estatal de Desarrollo 2022-2028 y el Plan Nacional de Desarrollo 2025-2030. Con ello, la capital refrenda su compromiso de trabajar con orden, transparencia y rumbo claro, colocando en el centro a las y los habitantes de la ciudad.<\/p>\n\n\n\n<p>Tambi\u00e9n destaca el respaldo a los procesos de participaci\u00f3n ciudadana, mediante los cuales fue elaborado el Plan, garantizando que los proyectos y pol\u00edticas p\u00fablicas est\u00e9n orientados a atender las carencias sociales, reducir la pobreza y construir una ciudad m\u00e1s equitativa y con mejores oportunidades para todas y todos.<\/p>\n\n\n\n<p>Con este paso, Oaxaca de Ju\u00e1rez consolida su liderazgo en materia de planeaci\u00f3n estrat\u00e9gica y se coloca como referente estatal en la construcci\u00f3n de un futuro de transformaci\u00f3n y bienestar para sus vecinas y vecinos.<\/p>\n","protected":false},"excerpt":{"rendered":"<p>Redacci\u00f3n\/Zona Roja. Oaxaca, Oax., a 19 de septiembre de 2025.- El ayuntamiento de Oaxaca de&hellip;<\/p>\n","protected":false},"author":2,"featured_media":84827,"comment_status":"closed","ping_status":"open","sticky":false,"template":"","format":"standard","meta":{"_lmt_disableupdate":"","_lmt_disable":"","_jetpack_memberships_contains_paid_content":false,"footnotes":""},"categories":[109,46],"tags":[148,4403],"class_list":["post-84823","post","type-post","status-publish","format-standard","has-post-thumbnail","hentry","category-minuto-a-minuto","category-zona-blanca","tag-oaxaca-de-juarez","tag-ray-chagoya"],"jetpack_featured_media_url":"https:\/\/zonaroja.com.mx\/wp-content\/uploads\/2025\/09\/Raymundo-Chagoya-plan-municipal.jpg","jetpack_sharing_enabled":true,"_links":{"self":[{"href":"https:\/\/zonaroja.com.mx\/index.php?rest_route=\/wp\/v2\/posts\/84823","targetHints":{"allow":["GET"]}}],"collection":[{"href":"https:\/\/zonaroja.com.mx\/index.php?rest_route=\/wp\/v2\/posts"}],"about":[{"href":"https:\/\/zonaroja.com.mx\/index.php?rest_route=\/wp\/v2\/types\/post"}],"author":[{"embeddable":true,"href":"https:\/\/zonaroja.com.mx\/index.php?rest_route=\/wp\/v2\/users\/2"}],"replies":[{"embeddable":true,"href":"https:\/\/zonaroja.com.mx\/index.php?rest_route=%2Fwp%2Fv2%2Fcomments&post=84823"}],"version-history":[{"count":1,"href":"https:\/\/zonaroja.com.mx\/index.php?rest_route=\/wp\/v2\/posts\/84823\/revisions"}],"predecessor-version":[{"id":84828,"href":"https:\/\/zonaroja.com.mx\/index.php?rest_route=\/wp\/v2\/posts\/84823\/revisions\/84828"}],"wp:featuredmedia":[{"embeddable":true,"href":"https:\/\/zonaroja.com.mx\/index.php?rest_route=\/wp\/v2\/media\/84827"}],"wp:attachment":[{"href":"https:\/\/zonaroja.com.mx\/index.php?rest_route=%2Fwp%2Fv2%2Fmedia&parent=84823"}],"wp:term":[{"taxonomy":"category","embeddable":true,"href":"https:\/\/zonaroja.com.mx\/index.php?rest_route=%2Fwp%2Fv2%2Fcategories&post=84823"},{"taxonomy":"post_tag","embeddable":true,"href":"https:\/\/zonaroja.com.mx\/index.php?rest_route=%2Fwp%2Fv2%2Ftags&post=84823"}],"curies":[{"name":"wp","href":"https:\/\/api.w.org\/{rel}","templated":true}]}}