{"id":84834,"date":"2025-09-19T09:15:00","date_gmt":"2025-09-19T15:15:00","guid":{"rendered":"https:\/\/zonaroja.com.mx\/?p=84834"},"modified":"2025-09-19T09:41:24","modified_gmt":"2025-09-19T15:41:24","slug":"determina-tribunal-electoral-que-edil-de-san-antonio-de-la-cal-no-puede-reelegirse","status":"publish","type":"post","link":"https:\/\/zonaroja.com.mx\/?p=84834","title":{"rendered":"Determina Tribunal Electoral que edil de San Antonio de la Cal no puede reelegirse"},"content":{"rendered":"\n<p>Raymundo Morales\/Zona Roja.<\/p>\n\n\n\n<p>Oaxaca, Oax., a 19 de septiembre de 2025.- La Sala Regional Xalapa del Tribunal Electoral del Poder Judicial de la Federaci\u00f3n (TEPJF) revoc\u00f3 ayer las modificaciones al sistema normativo ind\u00edgena de San Antonio de la Cal, puestas en marcha por el presidente municipal Porfirio Santos Mat\u00edas, quien buscaba con ello asegurar su reelecci\u00f3n.<\/p>\n\n\n\n<p>Los expedientes JDC 644, 645 y 646\/2025 evidenciaron que el ayuntamiento de ese municipio conurbado a la capital de Oaxaca no ten\u00eda facultades para organizar consultas y que las realizadas fueron inv\u00e1lidas, al no garantizar informaci\u00f3n ni deliberaci\u00f3n suficiente para la ciudadan\u00eda.<\/p>\n\n\n\n<p>La magistrada presidenta Roselia Bustillo Mar\u00edn subray\u00f3 que la Asamblea General Comunitaria deb\u00eda haber sido la protagonista del proceso, y que el intento del edil fue un claro abuso de poder.&nbsp;<\/p>\n\n\n\n<p>A su vez, la magistrada Eva Barrientos Zepeda agreg\u00f3 que acompa\u00f1aba el proyecto \u201cporque protege la autonom\u00eda de la comunidad y frena la ambici\u00f3n de un funcionario que quiso imponer sus deseos sobre la voluntad popular\u201d.<\/p>\n\n\n\n<p>El magistrado Jos\u00e9 Antonio Troncoso \u00c1vila enfatiz\u00f3 que las actas de las asambleas mostraban falta de informaci\u00f3n en la mayor\u00eda de las localidades, salvo en el casco municipal, donde la comunidad rechaz\u00f3 por mayor\u00eda absoluta la reelecci\u00f3n.<\/p>\n\n\n\n<p>El fallo deja en evidencia que Santos Mat\u00edas buscaba utilizar los mecanismos comunitarios para beneficio propio y dispuesto a manipular la democracia ind\u00edgena para sostenerse en el poder.&nbsp;<\/p>\n\n\n\n<p>La comunidad, sin embargo, triunf\u00f3 sobre la ambici\u00f3n y reafirm\u00f3 su derecho a decidir.<\/p>\n\n\n\n<p>Porfirio Santos ha sido se\u00f1alado por la propia poblaci\u00f3n de probable desv\u00edo de recursos para buscar la reelecci\u00f3n, pese a la grave situaci\u00f3n de inseguridad que se vive en ese municipio, las escasas obras p\u00fablicas y los nulos apoyos sociales.<\/p>\n","protected":false},"excerpt":{"rendered":"<p>Raymundo Morales\/Zona Roja. Oaxaca, Oax., a 19 de septiembre de 2025.- La Sala Regional Xalapa&hellip;<\/p>\n","protected":false},"author":2,"featured_media":80392,"comment_status":"closed","ping_status":"open","sticky":false,"template":"","format":"standard","meta":{"_lmt_disableupdate":"","_lmt_disable":"","_jetpack_memberships_contains_paid_content":false,"footnotes":""},"categories":[109,47],"tags":[875],"class_list":["post-84834","post","type-post","status-publish","format-standard","has-post-thumbnail","hentry","category-minuto-a-minuto","category-zona-gris","tag-san-antonio-de-la-cal"],"jetpack_featured_media_url":"https:\/\/zonaroja.com.mx\/wp-content\/uploads\/2025\/05\/Porfirio-Santos-Matias.jpg","jetpack_sharing_enabled":true,"_links":{"self":[{"href":"https:\/\/zonaroja.com.mx\/index.php?rest_route=\/wp\/v2\/posts\/84834","targetHints":{"allow":["GET"]}}],"collection":[{"href":"https:\/\/zonaroja.com.mx\/index.php?rest_route=\/wp\/v2\/posts"}],"about":[{"href":"https:\/\/zonaroja.com.mx\/index.php?rest_route=\/wp\/v2\/types\/post"}],"author":[{"embeddable":true,"href":"https:\/\/zonaroja.com.mx\/index.php?rest_route=\/wp\/v2\/users\/2"}],"replies":[{"embeddable":true,"href":"https:\/\/zonaroja.com.mx\/index.php?rest_route=%2Fwp%2Fv2%2Fcomments&post=84834"}],"version-history":[{"count":2,"href":"https:\/\/zonaroja.com.mx\/index.php?rest_route=\/wp\/v2\/posts\/84834\/revisions"}],"predecessor-version":[{"id":84848,"href":"https:\/\/zonaroja.com.mx\/index.php?rest_route=\/wp\/v2\/posts\/84834\/revisions\/84848"}],"wp:featuredmedia":[{"embeddable":true,"href":"https:\/\/zonaroja.com.mx\/index.php?rest_route=\/wp\/v2\/media\/80392"}],"wp:attachment":[{"href":"https:\/\/zonaroja.com.mx\/index.php?rest_route=%2Fwp%2Fv2%2Fmedia&parent=84834"}],"wp:term":[{"taxonomy":"category","embeddable":true,"href":"https:\/\/zonaroja.com.mx\/index.php?rest_route=%2Fwp%2Fv2%2Fcategories&post=84834"},{"taxonomy":"post_tag","embeddable":true,"href":"https:\/\/zonaroja.com.mx\/index.php?rest_route=%2Fwp%2Fv2%2Ftags&post=84834"}],"curies":[{"name":"wp","href":"https:\/\/api.w.org\/{rel}","templated":true}]}}