{"id":8484,"date":"2020-02-06T15:10:46","date_gmt":"2020-02-06T21:10:46","guid":{"rendered":"https:\/\/www.zonaroja.com.mx\/?p=8484"},"modified":"2020-02-06T19:22:12","modified_gmt":"2020-02-07T01:22:12","slug":"seis-dias-despues-localizan-cuerpo-de-joven-desaparecida-en-playa-de-salina-cruz","status":"publish","type":"post","link":"https:\/\/zonaroja.com.mx\/?p=8484","title":{"rendered":"Seis d\u00edas despu\u00e9s, localizan cuerpo de joven desaparecida en playa de Salina Cruz"},"content":{"rendered":"\n<p>Redacci\u00f3n\/Zona Roja. <br>Oaxaca de Ju\u00e1rez, Oax., 6 de febrero de 2020.- A seis d\u00edas de su desaparici\u00f3n, este jueves fue localizado el cuerpo de Marcela Silva Espinosa, arrastrada por el mar en playa \u201cPunta Conejo\u201d, de Salina Cruz, Oaxaca.<\/p>\n\n\n\n<p>La Coordinaci\u00f3n Estatal de Protecci\u00f3n Civil confirm\u00f3 que el cuerpo de la joven de 21 a\u00f1os de edad, se hall\u00f3 a unos 500 metros del lugar donde se le hab\u00eda visto por \u00faltima vez. Marcela hab\u00eda ido a la playa en compa\u00f1\u00eda de sus amigas, el pasado s\u00e1bado 1 de febrero; sin embargo, desapareci\u00f3 luego de que no pudiera salir del mar, debido al mal tiempo. <\/p>\n\n\n\n<p>El organismo indic\u00f3 que desde el d\u00eda de la desaparici\u00f3n se activaron los protocolos de b\u00fasqueda que concluyeron este jueves con la localizaci\u00f3n del cuerpo de la joven.<\/p>\n\n\n\n<figure class=\"wp-block-embed-twitter wp-block-embed is-type-rich is-provider-twitter\"><div class=\"wp-block-embed__wrapper\">\n<div class=\"twitter-tweet\"><blockquote class=\"twitter-tweet\" data-lang=\"es\"><p lang=\"es\" dir=\"ltr\">En este sitio de playa \u201cPunta Conejo\u201d del municipio de Salina Cruz, <a href=\"https:\/\/twitter.com\/hashtag\/Oaxaca?src=hash&amp;ref_src=twsrc%5Etfw\">#Oaxaca<\/a>, fue localizado hoy el cuerpo de la joven desaparecida desde el pasado s\u00e1bado, tras acudir a nadar con sus amigas. <a href=\"https:\/\/t.co\/uL1VGqNUkx\">pic.twitter.com\/uL1VGqNUkx<\/a><\/p>&mdash; Zona Roja Oaxaca (@MexRoja) <a href=\"https:\/\/twitter.com\/MexRoja\/status\/1225547201159614464?ref_src=twsrc%5Etfw\">6 de febrero de 2020<\/a><\/blockquote><\/div>\n<\/div><\/figure>\n\n\n\n<p>Tras el hallazgo se hicieron los trabajos de recuperaci\u00f3n del cuerpo, para ser trasladado al anfiteatro y posteriormente ser\u00e1 entregado a sus familiares quienes participaron de manera activa en la b\u00fasqueda que implementaron los tres \u00f3rdenes de gobierno.<\/p>\n\n\n\n<p>Expuso que en este operativo participaron elementos de la delegaci\u00f3n Protecci\u00f3n Civil en la zona del Istmo de Tehuantepec, as\u00ed como personal de la Secretar\u00eda de Marina (Semar) en coordinaci\u00f3n con el ayuntamiento de Salina Cruz.<\/p>\n","protected":false},"excerpt":{"rendered":"<p>Redacci\u00f3n\/Zona Roja. Oaxaca de Ju\u00e1rez, Oax., 6 de febrero de 2020.- A seis d\u00edas de&hellip;<\/p>\n","protected":false},"author":2,"featured_media":8483,"comment_status":"closed","ping_status":"open","sticky":false,"template":"","format":"standard","meta":{"_lmt_disableupdate":"","_lmt_disable":"","_jetpack_memberships_contains_paid_content":false,"footnotes":""},"categories":[109,47],"tags":[168],"class_list":["post-8484","post","type-post","status-publish","format-standard","has-post-thumbnail","hentry","category-minuto-a-minuto","category-zona-gris","tag-salina-cruz"],"jetpack_featured_media_url":"https:\/\/zonaroja.com.mx\/wp-content\/uploads\/2020\/02\/img_6240.jpg","jetpack_sharing_enabled":true,"_links":{"self":[{"href":"https:\/\/zonaroja.com.mx\/index.php?rest_route=\/wp\/v2\/posts\/8484","targetHints":{"allow":["GET"]}}],"collection":[{"href":"https:\/\/zonaroja.com.mx\/index.php?rest_route=\/wp\/v2\/posts"}],"about":[{"href":"https:\/\/zonaroja.com.mx\/index.php?rest_route=\/wp\/v2\/types\/post"}],"author":[{"embeddable":true,"href":"https:\/\/zonaroja.com.mx\/index.php?rest_route=\/wp\/v2\/users\/2"}],"replies":[{"embeddable":true,"href":"https:\/\/zonaroja.com.mx\/index.php?rest_route=%2Fwp%2Fv2%2Fcomments&post=8484"}],"version-history":[{"count":2,"href":"https:\/\/zonaroja.com.mx\/index.php?rest_route=\/wp\/v2\/posts\/8484\/revisions"}],"predecessor-version":[{"id":8494,"href":"https:\/\/zonaroja.com.mx\/index.php?rest_route=\/wp\/v2\/posts\/8484\/revisions\/8494"}],"wp:featuredmedia":[{"embeddable":true,"href":"https:\/\/zonaroja.com.mx\/index.php?rest_route=\/wp\/v2\/media\/8483"}],"wp:attachment":[{"href":"https:\/\/zonaroja.com.mx\/index.php?rest_route=%2Fwp%2Fv2%2Fmedia&parent=8484"}],"wp:term":[{"taxonomy":"category","embeddable":true,"href":"https:\/\/zonaroja.com.mx\/index.php?rest_route=%2Fwp%2Fv2%2Fcategories&post=8484"},{"taxonomy":"post_tag","embeddable":true,"href":"https:\/\/zonaroja.com.mx\/index.php?rest_route=%2Fwp%2Fv2%2Ftags&post=8484"}],"curies":[{"name":"wp","href":"https:\/\/api.w.org\/{rel}","templated":true}]}}