{"id":84841,"date":"2025-09-19T12:24:00","date_gmt":"2025-09-19T18:24:00","guid":{"rendered":"https:\/\/zonaroja.com.mx\/?p=84841"},"modified":"2025-09-19T08:28:10","modified_gmt":"2025-09-19T14:28:10","slug":"apela-oaxacacine-a-una-distribucion-integral-de-recursos-publicos-para-el-septimo-arte","status":"publish","type":"post","link":"https:\/\/zonaroja.com.mx\/?p=84841","title":{"rendered":"Apela OaxacaCine a una distribuci\u00f3n integral de recursos p\u00fablicos para el s\u00e9ptimo arte"},"content":{"rendered":"\n<p>Lisbeth Mej\u00eda Reyes\/Zona Roja.<\/p>\n\n\n\n<p>Oaxaca, Oax., a 19 de septiembre de 2025.- La asociaci\u00f3n civil OaxacaCine consider\u00f3 que los recursos p\u00fablicos se tienen que distribuir de la mejor manera para artistas, creadores, iniciativas independientes, entre otros proyectos, a fin de que tambi\u00e9n se incida en las distintas etapas de las artes.&nbsp;<\/p>\n\n\n\n<p>En este casi, del cine. Pero tambi\u00e9n se\u00f1al\u00f3 que como proyectos independientes se tiene que mantener una coherencia y responsabilidad para acceder a tales recursos.<\/p>\n\n\n\n<p>\u00abTenemos la responsabilidad de articular nuestros programas y proyectos con una coherencia para poder solicitar ese acceso a los recursos. En este caso, que tenemos el apoyo del programa de Fomento al Cine Mexicano (Focine), es una convocatoria que se abre anualmente&#8230;&nbsp;<\/p>\n\n\n\n<p>\u201cEn Oaxaca habemos cuatro o cinco proyectos beneficiados con este apoyo, eso es important\u00edsimo. Es un trabajo que se hace en conjunto, desde la ciudadan\u00eda, pero tambi\u00e9n desde las instancias p\u00fablicas, hay un ir y venir entre los dos espacios\u00bb, explic\u00f3 Isabel Rojas, presidenta de la asociaci\u00f3n civil que en noviembre cumple 14 a\u00f1os de difundir el cine en Oaxaca, principalmente a trav\u00e9s de funciones y algunos seminarios.<\/p>\n\n\n\n<p>Al presentar la programaci\u00f3n rumbo al aniversario de Oaxaca Internacional, Rojas apunt\u00f3 que existe una corresponsabilidad entre sociedad y gobiernos.&nbsp;<\/p>\n\n\n\n<p>\u00abA nivel estatal, creo que en este periodo se est\u00e1 haciendo un esfuerzo grande\u00bb, consider\u00f3 Rojas, al se\u00f1alar que tras un acercamiento con la Secretar\u00eda de las Culturas es que volver\u00e1n las proyecciones de OaxacaCine al teatro Macedonio Alcal\u00e1, recinto que por muchos a\u00f1os fue su sede junto con el teatro Ju\u00e1rez, y para los cuales gestionaron equipamiento.<\/p>\n\n\n\n<p>\u00abTodos los espacios tienen sus necesidades presupuestales y creemos que es importante que estas sean distribuidas de la mejor manera a los distintos proyectos independientes, a los artistas, a los creadores, en las diferentes etapas\u00bb.<\/p>\n\n\n\n<p>En el cine, explic\u00f3 que esta distribuci\u00f3n tendr\u00eda que ser desde la producci\u00f3n hasta la exhibici\u00f3n, e incluso en la preservaci\u00f3n y memoria.<\/p>\n\n\n\n<p>\u00abLo bueno es que somos muchos proyectos culturales independientes y lo que sea con la ayuda entre fondos p\u00fablicos y nuestro trabajo y esfuerzo podremos tener una mayor amplitud\u00bb, se\u00f1al\u00f3.<\/p>\n\n\n\n<p>Este jueves, el equipo de OaxacaCine present\u00f3 la programaci\u00f3n de octubre y noviembre, que tendr\u00e1 como sedes los municipios de Oaxaca de Ju\u00e1rez, San Jacinto Amilpas, Juchit\u00e1n de Zaragoza y Santa Mar\u00eda Tlahuitoltepec.&nbsp;<\/p>\n\n\n\n<p>En la capital oaxaque\u00f1a, las funciones ser\u00e1n en Matamoros 404, el Taller Popular y el teatro Macedonio Alcal\u00e1. La gira audiovisual en las dem\u00e1s poblaciones ser\u00e1 mediante proyecciones de cortometrajes animados en escuelas, as\u00ed como talleres.<\/p>\n\n\n\n<p>Tambi\u00e9n se contemplan conferencias y otras actividades en torno a dos directoras clases del cine mexicano: Lourdes Portillo y Sarah Minter.<\/p>\n\n\n\n<p>En Tlahuitoltepec, una de las actividades ser\u00e1 la proyecci\u00f3n de \u00abM\u00fasicas\u00bb, el 15 de octubre. Este documental de la cineasta mexicana Lila Avil\u00e9s es sobre las integrantes de la banda Mujeres del Viento Florido, originaria de esa poblaci\u00f3n.<\/p>\n\n\n\n<p>En esta programaci\u00f3n, destacan los estrenos estatales de las pel\u00edculas \u00abBoca Vieja\u00bb, del director Yovegami Ascona Mora, y \u00abLos amantes se despiden con la mirada\u00bb, de Rigoberto, este \u00faltimo tambi\u00e9n fundador de OaxacaCine.<\/p>\n\n\n\n<p>La programaci\u00f3n completa se puede consultar en las redes sociales de OaxacaCine, entre estas la de facebook: <a href=\"https:\/\/www.facebook.com\/share\/172Lugwfwn\/\">https:\/\/www.facebook.com\/share\/172Lugwfwn\/<\/a><\/p>\n","protected":false},"excerpt":{"rendered":"<p>Lisbeth Mej\u00eda Reyes\/Zona Roja. Oaxaca, Oax., a 19 de septiembre de 2025.- La asociaci\u00f3n civil&hellip;<\/p>\n","protected":false},"author":2,"featured_media":84842,"comment_status":"closed","ping_status":"open","sticky":false,"template":"","format":"standard","meta":{"_lmt_disableupdate":"","_lmt_disable":"","_jetpack_memberships_contains_paid_content":false,"footnotes":""},"categories":[109,46],"tags":[489],"class_list":["post-84841","post","type-post","status-publish","format-standard","has-post-thumbnail","hentry","category-minuto-a-minuto","category-zona-blanca","tag-oaxaca-cine"],"jetpack_featured_media_url":"https:\/\/zonaroja.com.mx\/wp-content\/uploads\/2025\/09\/Oaxaca-cine-conferencia-Lucina-Rojas.jpg","jetpack_sharing_enabled":true,"_links":{"self":[{"href":"https:\/\/zonaroja.com.mx\/index.php?rest_route=\/wp\/v2\/posts\/84841","targetHints":{"allow":["GET"]}}],"collection":[{"href":"https:\/\/zonaroja.com.mx\/index.php?rest_route=\/wp\/v2\/posts"}],"about":[{"href":"https:\/\/zonaroja.com.mx\/index.php?rest_route=\/wp\/v2\/types\/post"}],"author":[{"embeddable":true,"href":"https:\/\/zonaroja.com.mx\/index.php?rest_route=\/wp\/v2\/users\/2"}],"replies":[{"embeddable":true,"href":"https:\/\/zonaroja.com.mx\/index.php?rest_route=%2Fwp%2Fv2%2Fcomments&post=84841"}],"version-history":[{"count":1,"href":"https:\/\/zonaroja.com.mx\/index.php?rest_route=\/wp\/v2\/posts\/84841\/revisions"}],"predecessor-version":[{"id":84843,"href":"https:\/\/zonaroja.com.mx\/index.php?rest_route=\/wp\/v2\/posts\/84841\/revisions\/84843"}],"wp:featuredmedia":[{"embeddable":true,"href":"https:\/\/zonaroja.com.mx\/index.php?rest_route=\/wp\/v2\/media\/84842"}],"wp:attachment":[{"href":"https:\/\/zonaroja.com.mx\/index.php?rest_route=%2Fwp%2Fv2%2Fmedia&parent=84841"}],"wp:term":[{"taxonomy":"category","embeddable":true,"href":"https:\/\/zonaroja.com.mx\/index.php?rest_route=%2Fwp%2Fv2%2Fcategories&post=84841"},{"taxonomy":"post_tag","embeddable":true,"href":"https:\/\/zonaroja.com.mx\/index.php?rest_route=%2Fwp%2Fv2%2Ftags&post=84841"}],"curies":[{"name":"wp","href":"https:\/\/api.w.org\/{rel}","templated":true}]}}