{"id":84844,"date":"2025-09-19T13:32:00","date_gmt":"2025-09-19T19:32:00","guid":{"rendered":"https:\/\/zonaroja.com.mx\/?p=84844"},"modified":"2025-09-19T08:33:42","modified_gmt":"2025-09-19T14:33:42","slug":"destaca-senador-estabilidad-y-bienestar-en-analisis-de-glosa-del-informe-de-sheinbaum","status":"publish","type":"post","link":"https:\/\/zonaroja.com.mx\/?p=84844","title":{"rendered":"Destaca senador estabilidad y bienestar en an\u00e1lisis de Glosa del Informe de Sheinbaum"},"content":{"rendered":"\n<p>Redacci\u00f3n\/Zona Roja Cdmx.<\/p>\n\n\n\n<p>Ciudad de M\u00e9xico, a 19 de septiembre de 2025.- En el marco del an\u00e1lisis en materia de Pol\u00edtica Interior del Primer Informe de Gobierno de la presidenta Claudia Sheinbaum Pardo, el senador de Morena, Antonino Morales Toledo, subray\u00f3 que el pa\u00eds atraviesa un momento de estabilidad econ\u00f3mica y gobernabilidad, donde el di\u00e1logo ha sido una constante para dar respuesta a las problem\u00e1ticas sociales.<\/p>\n\n\n\n<p>Morales Toledo reconoci\u00f3 que, gracias a la visi\u00f3n de la titular del Ejecutivo Federal, M\u00e9xico cuenta con un gobierno que atiende, protege y respalda a quienes m\u00e1s lo necesitan. Se\u00f1al\u00f3 que, en este primer a\u00f1o de gesti\u00f3n, se han creado las condiciones para consolidar un pa\u00eds m\u00e1s justo, seguro y con mayor bienestar para las y los mexicanos.<\/p>\n\n\n\n<p>El legislador destac\u00f3 adem\u00e1s que la primera presidenta de M\u00e9xico encabeza con firmeza la continuidad de un proyecto hist\u00f3rico de transformaci\u00f3n que ha puesto al pueblo en el centro de las decisiones de gobierno. Resalt\u00f3 que, gracias a la Cuarta Transformaci\u00f3n, 13.4 millones de personas han salido de la pobreza mediante la pol\u00edtica social implementada.<\/p>\n\n\n\n<p>Con ello, dijo, se confirma que el gobierno de Claudia Sheinbaum Pardo representa la consolidaci\u00f3n de una nueva etapa en la vida p\u00fablica de M\u00e9xico, donde la justicia social y el bienestar de la gente son prioridad.<\/p>\n","protected":false},"excerpt":{"rendered":"<p>Redacci\u00f3n\/Zona Roja Cdmx. Ciudad de M\u00e9xico, a 19 de septiembre de 2025.- En el marco&hellip;<\/p>\n","protected":false},"author":2,"featured_media":84825,"comment_status":"closed","ping_status":"open","sticky":false,"template":"","format":"standard","meta":{"_lmt_disableupdate":"","_lmt_disable":"","_jetpack_memberships_contains_paid_content":false,"footnotes":""},"categories":[109,46],"tags":[180],"class_list":["post-84844","post","type-post","status-publish","format-standard","has-post-thumbnail","hentry","category-minuto-a-minuto","category-zona-blanca","tag-antonino-morales-toledo"],"jetpack_featured_media_url":"https:\/\/zonaroja.com.mx\/wp-content\/uploads\/2025\/09\/Senador-Antonino-Morales.jpg","jetpack_sharing_enabled":true,"_links":{"self":[{"href":"https:\/\/zonaroja.com.mx\/index.php?rest_route=\/wp\/v2\/posts\/84844","targetHints":{"allow":["GET"]}}],"collection":[{"href":"https:\/\/zonaroja.com.mx\/index.php?rest_route=\/wp\/v2\/posts"}],"about":[{"href":"https:\/\/zonaroja.com.mx\/index.php?rest_route=\/wp\/v2\/types\/post"}],"author":[{"embeddable":true,"href":"https:\/\/zonaroja.com.mx\/index.php?rest_route=\/wp\/v2\/users\/2"}],"replies":[{"embeddable":true,"href":"https:\/\/zonaroja.com.mx\/index.php?rest_route=%2Fwp%2Fv2%2Fcomments&post=84844"}],"version-history":[{"count":1,"href":"https:\/\/zonaroja.com.mx\/index.php?rest_route=\/wp\/v2\/posts\/84844\/revisions"}],"predecessor-version":[{"id":84845,"href":"https:\/\/zonaroja.com.mx\/index.php?rest_route=\/wp\/v2\/posts\/84844\/revisions\/84845"}],"wp:featuredmedia":[{"embeddable":true,"href":"https:\/\/zonaroja.com.mx\/index.php?rest_route=\/wp\/v2\/media\/84825"}],"wp:attachment":[{"href":"https:\/\/zonaroja.com.mx\/index.php?rest_route=%2Fwp%2Fv2%2Fmedia&parent=84844"}],"wp:term":[{"taxonomy":"category","embeddable":true,"href":"https:\/\/zonaroja.com.mx\/index.php?rest_route=%2Fwp%2Fv2%2Fcategories&post=84844"},{"taxonomy":"post_tag","embeddable":true,"href":"https:\/\/zonaroja.com.mx\/index.php?rest_route=%2Fwp%2Fv2%2Ftags&post=84844"}],"curies":[{"name":"wp","href":"https:\/\/api.w.org\/{rel}","templated":true}]}}