{"id":84846,"date":"2025-09-19T12:35:00","date_gmt":"2025-09-19T18:35:00","guid":{"rendered":"https:\/\/zonaroja.com.mx\/?p=84846"},"modified":"2025-09-19T14:23:40","modified_gmt":"2025-09-19T20:23:40","slug":"inicia-el-ieepco-actividades-por-revocacion-de-mandato-se-reune-con-ine","status":"publish","type":"post","link":"https:\/\/zonaroja.com.mx\/?p=84846","title":{"rendered":"Inicia el IEEPCO actividades por Revocaci\u00f3n de Mandato; se re\u00fane con INE"},"content":{"rendered":"\n<p>Redacci\u00f3n\/Zona Roja.<\/p>\n\n\n\n<p>Oaxaca, Oax., a 19 de septiembre de 2025.- el Instituto Estatal Electoral y de Participaci\u00f3n Ciudadana de Oaxaca (IEEPCO) y la Junta Local del Instituto Nacional Electoral (INE) en Oaxaca sostuvieron una reuni\u00f3n t\u00e9cnico-operativa con miras a la implementaci\u00f3n del mecanismo de participaci\u00f3n ciudadana denominado Revocaci\u00f3n de Mandato.<\/p>\n\n\n\n<p>Lo anterior, para identificar las acciones a realizar y el trabajo coordinado que deber\u00e1n desarrollar ambas instancias en el \u00e1mbito de sus atribuciones, a fin de dar cumplimiento a lo estipulado en la normatividad local.<\/p>\n\n\n\n<p>Al dar la bienvenida, la consejera presidenta del IEEPCO, Elizabeth S\u00e1nchez Gonz\u00e1lez, reconoci\u00f3 la disposici\u00f3n de la Junta Local del INE para coordinar esfuerzos y construir, de manera conjunta, las mejores rutas que permitan atender los desaf\u00edos normativos y operativos que implicar\u00eda este ejercicio de participaci\u00f3n ciudadana.<\/p>\n\n\n\n<p>Por su parte, el vocal ejecutivo de la Junta Local del INE en Oaxaca, Mart\u00edn Mart\u00ednez Cort\u00e1zar, subray\u00f3 que el INE se mantiene atento y preparado para cumplir con el mandato constitucional, asegurando que la Revocaci\u00f3n de Mandato se consolide como un mecanismo efectivo de la democracia participativa.<\/p>\n\n\n\n<p>Durante el encuentro, las y los funcionarios electorales realizaron un recuento de las tareas correspondientes a cada instituci\u00f3n y pusieron sobre la mesa diversas propuestas t\u00e9cnicas y operativas para fortalecer la coordinaci\u00f3n interinstitucional, trazando rutas conjuntas para garantizar un proceso democr\u00e1tico transparente y eficiente.<\/p>\n\n\n\n<p>Entre las personas asistentes estuvieron: la encargada de despacho de la Secretar\u00eda Ejecutiva, Luisa Rebeca Garza L\u00f3pez; el coordinador administrativo, Jos\u00e9 Manuel Dom\u00ednguez Morales; la directora ejecutiva de Educaci\u00f3n C\u00edvica y Participaci\u00f3n Ciudadana, Carolina Mar\u00eda V\u00e1squez Garc\u00eda; as\u00ed como las encargadas de despacho de las Direcciones Ejecutivas de Organizaci\u00f3n y Capacitaci\u00f3n Electoral, Magaly Legaria Ortega, y de Partidos Pol\u00edticos, Prerrogativas y Candidaturas Independientes, Alejandra Silva Soriano.<\/p>\n\n\n\n<p>Tambi\u00e9n participaron: la encargada de despacho de la Unidad T\u00e9cnica Jur\u00eddica y de lo Contencioso, Luisa Anah\u00ed Galindo Velazco, el titular de la Unidad T\u00e9cnica de Transparencia y Acceso a la Informaci\u00f3n, Erick L\u00f3pez Gonz\u00e1lez, el titular de la Unidad T\u00e9cnica de Servicios de Inform\u00e1tica y Documentaci\u00f3n, Irving Arturo Robles Godina, la encargada de despacho de la Unidad T\u00e9cnica de Comunicaci\u00f3n Social, Jaquelina Mariana Escamilla Villanueva, la encargada de despacho de la Unidad de Igualdad de G\u00e9nero y no Discriminaci\u00f3n, Gabriela L\u00f3pez S\u00e1nchez y el encargado de despacho de &nbsp;la Unidad T\u00e9cnica de &nbsp;Atenci\u00f3n de las Personas Residentes en el Extranjero originarias de Oaxaca, Salvador S\u00e1nchez Pablo; as\u00ed como personal de la Junta Local del INE.<\/p>\n","protected":false},"excerpt":{"rendered":"<p>Redacci\u00f3n\/Zona Roja. Oaxaca, Oax., a 19 de septiembre de 2025.- el Instituto Estatal Electoral y&hellip;<\/p>\n","protected":false},"author":2,"featured_media":84849,"comment_status":"closed","ping_status":"open","sticky":false,"template":"","format":"standard","meta":{"_lmt_disableupdate":"","_lmt_disable":"","_jetpack_memberships_contains_paid_content":false,"footnotes":""},"categories":[109,46],"tags":[2932],"class_list":["post-84846","post","type-post","status-publish","format-standard","has-post-thumbnail","hentry","category-minuto-a-minuto","category-zona-blanca","tag-instituto-estatal-electoral-y-de-participacion-ciudadana-de-oaxaca-ieepco"],"jetpack_featured_media_url":"https:\/\/zonaroja.com.mx\/wp-content\/uploads\/2025\/09\/8c03a97e-aacb-4b7c-9c56-56f9f6f940b4.jpg","jetpack_sharing_enabled":true,"_links":{"self":[{"href":"https:\/\/zonaroja.com.mx\/index.php?rest_route=\/wp\/v2\/posts\/84846","targetHints":{"allow":["GET"]}}],"collection":[{"href":"https:\/\/zonaroja.com.mx\/index.php?rest_route=\/wp\/v2\/posts"}],"about":[{"href":"https:\/\/zonaroja.com.mx\/index.php?rest_route=\/wp\/v2\/types\/post"}],"author":[{"embeddable":true,"href":"https:\/\/zonaroja.com.mx\/index.php?rest_route=\/wp\/v2\/users\/2"}],"replies":[{"embeddable":true,"href":"https:\/\/zonaroja.com.mx\/index.php?rest_route=%2Fwp%2Fv2%2Fcomments&post=84846"}],"version-history":[{"count":1,"href":"https:\/\/zonaroja.com.mx\/index.php?rest_route=\/wp\/v2\/posts\/84846\/revisions"}],"predecessor-version":[{"id":84847,"href":"https:\/\/zonaroja.com.mx\/index.php?rest_route=\/wp\/v2\/posts\/84846\/revisions\/84847"}],"wp:featuredmedia":[{"embeddable":true,"href":"https:\/\/zonaroja.com.mx\/index.php?rest_route=\/wp\/v2\/media\/84849"}],"wp:attachment":[{"href":"https:\/\/zonaroja.com.mx\/index.php?rest_route=%2Fwp%2Fv2%2Fmedia&parent=84846"}],"wp:term":[{"taxonomy":"category","embeddable":true,"href":"https:\/\/zonaroja.com.mx\/index.php?rest_route=%2Fwp%2Fv2%2Fcategories&post=84846"},{"taxonomy":"post_tag","embeddable":true,"href":"https:\/\/zonaroja.com.mx\/index.php?rest_route=%2Fwp%2Fv2%2Ftags&post=84846"}],"curies":[{"name":"wp","href":"https:\/\/api.w.org\/{rel}","templated":true}]}}