{"id":84850,"date":"2025-09-19T15:36:37","date_gmt":"2025-09-19T21:36:37","guid":{"rendered":"https:\/\/zonaroja.com.mx\/?p=84850"},"modified":"2025-09-19T15:36:37","modified_gmt":"2025-09-19T21:36:37","slug":"matan-con-disparos-de-arma-de-fuego-a-una-adolescente-en-el-istmo","status":"publish","type":"post","link":"https:\/\/zonaroja.com.mx\/?p=84850","title":{"rendered":"Matan con disparos de arma de fuego a una adolescente en el Istmo"},"content":{"rendered":"\n<p>Ismael Garc\u00eda M.\/Zona Roja.<\/p>\n\n\n\n<p>Oaxaca, Oax., a 19 de septiembre de 2025.- Una adolescente fue atacada a balazos en una comunidad de la regi\u00f3n del Istmo de Tehuantepec y falleci\u00f3 cuando recib\u00eda atenci\u00f3n m\u00e9dica en una cl\u00ednica. &nbsp;<\/p>\n\n\n\n<p>De acuerdo con reportes policiacos, la agresi\u00f3n armada ocurri\u00f3 anoche en&nbsp;una vialidad de la agencia de San Crist\u00f3bal, perteneciente al municipio de Santa Mar\u00eda Jalapa del Marqu\u00e9s.<\/p>\n\n\n\n<p class=\"MsoNormal\">La Fiscal\u00eda General del Estado de Oaxaca (FGEO) confirm\u00f3 que indaga el caso, y define y fortalece las l\u00edneas de investigaci\u00f3n por los hechos en los que perdi\u00f3 la vida la adolescente, derivado de lo cual se activ\u00f3 el Protocolo de Investigaci\u00f3n Ministerial, Policial y Pericial del Delito de Feminicidio.<\/p>\n\n\n\n<p class=\"MsoNormal\">Indic\u00f3 que, como parte de los avances en las labores ministeriales, se cuenta con informaci\u00f3n preliminar sobre los responsables, quienes viajaban a bordo de una motocicleta.<\/p>\n\n\n\n<p class=\"MsoNormal\">De acuerdo con las primeras diligencias, los hechos tuvieron lugar la noche del 18 de septiembre, cuando la v\u00edctima \u2014cuyos datos se reservan por ley\u2014 fue atacada con disparos de arma de fuego, cuando se encontraba en calles de la agencia de San Crist\u00f3bal, perteneciente a Jalapa del Marqu\u00e9s.<\/p>\n\n\n\n<p class=\"MsoNormal\">En un comunicado, la Fiscal\u00eda expuso que Vicefiscal\u00eda Regional del Istmo despleg\u00f3 a personal ministerial y&nbsp; pericial para realizar las diligencias iniciales para procesar el lugar de los hechos.&nbsp;<\/p>\n\n\n\n<p class=\"MsoNormal\">Estos actos de investigaci\u00f3n se llevan a cabo considerando el enfoque de perspectiva de g\u00e9nero, as\u00ed como de infancia y adolescencia, dada la condici\u00f3n de la v\u00edctima y el contexto particular del caso.<\/p>\n\n\n\n<p class=\"MsoNormal\">La Fiscal\u00eda General reiter\u00f3 su compromiso de investigar con debida diligencia, enfoque diferenciado e integralidad, a fin de presentar ante la justicia a quien o quienes resulten responsables, garantizando en todo momento el acceso a la justicia y la protecci\u00f3n de los derechos de las mujeres, ni\u00f1as, ni\u00f1os y adolescentes.<\/p>\n\n\n\n<p><\/p>\n","protected":false},"excerpt":{"rendered":"<p>Ismael Garc\u00eda M.\/Zona Roja. Oaxaca, Oax., a 19 de septiembre de 2025.- Una adolescente fue&hellip;<\/p>\n","protected":false},"author":2,"featured_media":69879,"comment_status":"closed","ping_status":"open","sticky":false,"template":"","format":"standard","meta":{"_lmt_disableupdate":"","_lmt_disable":"","_jetpack_memberships_contains_paid_content":false,"footnotes":""},"categories":[109,51],"tags":[1677],"class_list":["post-84850","post","type-post","status-publish","format-standard","has-post-thumbnail","hentry","category-minuto-a-minuto","category-zona-roja","tag-jalapa-del-marques"],"jetpack_featured_media_url":"https:\/\/zonaroja.com.mx\/wp-content\/uploads\/2024\/06\/feminicidio.jpg","jetpack_sharing_enabled":true,"_links":{"self":[{"href":"https:\/\/zonaroja.com.mx\/index.php?rest_route=\/wp\/v2\/posts\/84850","targetHints":{"allow":["GET"]}}],"collection":[{"href":"https:\/\/zonaroja.com.mx\/index.php?rest_route=\/wp\/v2\/posts"}],"about":[{"href":"https:\/\/zonaroja.com.mx\/index.php?rest_route=\/wp\/v2\/types\/post"}],"author":[{"embeddable":true,"href":"https:\/\/zonaroja.com.mx\/index.php?rest_route=\/wp\/v2\/users\/2"}],"replies":[{"embeddable":true,"href":"https:\/\/zonaroja.com.mx\/index.php?rest_route=%2Fwp%2Fv2%2Fcomments&post=84850"}],"version-history":[{"count":1,"href":"https:\/\/zonaroja.com.mx\/index.php?rest_route=\/wp\/v2\/posts\/84850\/revisions"}],"predecessor-version":[{"id":84851,"href":"https:\/\/zonaroja.com.mx\/index.php?rest_route=\/wp\/v2\/posts\/84850\/revisions\/84851"}],"wp:featuredmedia":[{"embeddable":true,"href":"https:\/\/zonaroja.com.mx\/index.php?rest_route=\/wp\/v2\/media\/69879"}],"wp:attachment":[{"href":"https:\/\/zonaroja.com.mx\/index.php?rest_route=%2Fwp%2Fv2%2Fmedia&parent=84850"}],"wp:term":[{"taxonomy":"category","embeddable":true,"href":"https:\/\/zonaroja.com.mx\/index.php?rest_route=%2Fwp%2Fv2%2Fcategories&post=84850"},{"taxonomy":"post_tag","embeddable":true,"href":"https:\/\/zonaroja.com.mx\/index.php?rest_route=%2Fwp%2Fv2%2Ftags&post=84850"}],"curies":[{"name":"wp","href":"https:\/\/api.w.org\/{rel}","templated":true}]}}