{"id":84852,"date":"2025-09-19T20:21:16","date_gmt":"2025-09-20T02:21:16","guid":{"rendered":"https:\/\/zonaroja.com.mx\/?p=84852"},"modified":"2025-09-19T20:21:18","modified_gmt":"2025-09-20T02:21:18","slug":"revive-rector-conflicto-en-facultad-de-derecho-de-la-uabjo","status":"publish","type":"post","link":"https:\/\/zonaroja.com.mx\/?p=84852","title":{"rendered":"Revive rector conflicto en Facultad de Derecho de la UABJO"},"content":{"rendered":"\n<p>Lisbeth Mej\u00eda Reyes\/Zona Roja.<\/p>\n\n\n\n<p>Oaxaca, Oax., a 19 de septiembre de 2025.- A ra\u00edz de los disparos de arma de fuego registrados este jueves por parte de personas ajenas a la instituci\u00f3n, y que pusieron en riesgo a las y los estudiantes, la Facultad de Derecho y Ciencias Sociales de la Universidad Aut\u00f3noma Benito Ju\u00e1rez de Oaxaca (UABJO) determin\u00f3 suspender clases de manera indefinida hasta que la rector\u00eda garantice la seguridad.&nbsp;<\/p>\n\n\n\n<p>Tras los hechos, el rector, Cristian Eder Carre\u00f1o, solamente inform\u00f3 que hab\u00eda iniciado el proceso de denuncia para \u00abidentificar a los responsables de los lamentables hechos\u00bb en esta universidad de la ciudad de Oaxaca.<\/p>\n\n\n\n<p>En videos difundidos en redes sociales, se \u00a0observa c\u00f3mo las y los estudiantes corren por esta facultad sede Ciudad Universitaria, en la agencia Cinco Se\u00f1ores, para protegerse de los disparos, cuyo saldo fue de una persona lesionada en la pierna.<\/p>\n\n\n\n<p>Despu\u00e9s de los hechos, ese mismo jueves, el Consejo T\u00e9cnico de la Facultad de Derecho y Ciencias Sociales emiti\u00f3 un pronunciamiento en el que denunci\u00f3 y conden\u00f3 las agresiones en contra del alumnado y personal de la facultad. Adem\u00e1s de exigir a las autoridades correspondientes a investigar y castigar a los autores intelectuales y materiales de la violencia en su contra y de las omisiones que han permitido este clima.<\/p>\n\n\n\n<p>El consejo consider\u00f3 que este acto violento, perpetrado alrededor de las 14:00 horas del 18 de septiembre, fue un atentado en contra de la directora, Roc\u00edo Mart\u00ednez Helmes. Incluso los calific\u00f3 como actos feminicidas.<\/p>\n\n\n\n<p>En el documento, el consejo t\u00e9cnico tambi\u00e9n denunci\u00f3 y conden\u00f3 \u00abla incitaci\u00f3n a la violencia en contra de los integrantes\u00bb de la facultad que se ha presentado en los \u00faltimos meses en redes sociales y otras plataformas.<\/p>\n\n\n\n<p>Tambi\u00e9n acus\u00f3 a la administraci\u00f3n central de la UABJO \u2014que preside \u00c9der Carre\u00f1o\u2014 por ser omisa y tolerar la violencia que de forma sistem\u00e1tica se ha cometido en este a\u00f1o dentro de la facultad.<\/p>\n\n\n\n<p>Esta es la segunda ocasi\u00f3n en la que en menos de seis meses se registran actos violentos que no solamente ponen en riesgo a las y los estudiantes sino que afectan su derecho a la educaci\u00f3n.&nbsp;<\/p>\n\n\n\n<p>En mayo y junio ocurri\u00f3 la toma de las instalaciones por parte de un grupo liderado por el padre de la directora, Abraham Mart\u00ednez Helmes, que buscaba la destituci\u00f3n de esta.<\/p>\n\n\n\n<p>Al final, el conflicto se resolvi\u00f3 sin acciones penales por los da\u00f1os causados a las instalaciones y con el compromiso de emitir una nueva convocatoria para la selecci\u00f3n del consejo t\u00e9cnico 2025-2026. Lo anterior seg\u00fan el acuerdo firmado el 24 de junio por el rector, la directora y representantes del Sindicato Universitario de Maestros (SUMA), el Sindicato de Trabajadores y Empleados de la UABJO (STEUABJO) y el Sindicato de Trabajadores de la Universidad de Oaxaca (STAUO).<\/p>\n","protected":false},"excerpt":{"rendered":"<p>Lisbeth Mej\u00eda Reyes\/Zona Roja. Oaxaca, Oax., a 19 de septiembre de 2025.- A ra\u00edz de&hellip;<\/p>\n","protected":false},"author":2,"featured_media":81788,"comment_status":"closed","ping_status":"open","sticky":false,"template":"","format":"standard","meta":{"_lmt_disableupdate":"","_lmt_disable":"","_jetpack_memberships_contains_paid_content":false,"footnotes":""},"categories":[109,47],"tags":[295],"class_list":["post-84852","post","type-post","status-publish","format-standard","has-post-thumbnail","hentry","category-minuto-a-minuto","category-zona-gris","tag-facultad-de-derecho-y-ciencias-sociales"],"jetpack_featured_media_url":"https:\/\/zonaroja.com.mx\/wp-content\/uploads\/2025\/06\/Facultad-de-Derecho-UABJO.jpg","jetpack_sharing_enabled":true,"_links":{"self":[{"href":"https:\/\/zonaroja.com.mx\/index.php?rest_route=\/wp\/v2\/posts\/84852","targetHints":{"allow":["GET"]}}],"collection":[{"href":"https:\/\/zonaroja.com.mx\/index.php?rest_route=\/wp\/v2\/posts"}],"about":[{"href":"https:\/\/zonaroja.com.mx\/index.php?rest_route=\/wp\/v2\/types\/post"}],"author":[{"embeddable":true,"href":"https:\/\/zonaroja.com.mx\/index.php?rest_route=\/wp\/v2\/users\/2"}],"replies":[{"embeddable":true,"href":"https:\/\/zonaroja.com.mx\/index.php?rest_route=%2Fwp%2Fv2%2Fcomments&post=84852"}],"version-history":[{"count":1,"href":"https:\/\/zonaroja.com.mx\/index.php?rest_route=\/wp\/v2\/posts\/84852\/revisions"}],"predecessor-version":[{"id":84853,"href":"https:\/\/zonaroja.com.mx\/index.php?rest_route=\/wp\/v2\/posts\/84852\/revisions\/84853"}],"wp:featuredmedia":[{"embeddable":true,"href":"https:\/\/zonaroja.com.mx\/index.php?rest_route=\/wp\/v2\/media\/81788"}],"wp:attachment":[{"href":"https:\/\/zonaroja.com.mx\/index.php?rest_route=%2Fwp%2Fv2%2Fmedia&parent=84852"}],"wp:term":[{"taxonomy":"category","embeddable":true,"href":"https:\/\/zonaroja.com.mx\/index.php?rest_route=%2Fwp%2Fv2%2Fcategories&post=84852"},{"taxonomy":"post_tag","embeddable":true,"href":"https:\/\/zonaroja.com.mx\/index.php?rest_route=%2Fwp%2Fv2%2Ftags&post=84852"}],"curies":[{"name":"wp","href":"https:\/\/api.w.org\/{rel}","templated":true}]}}