{"id":84854,"date":"2025-09-19T22:16:52","date_gmt":"2025-09-20T04:16:52","guid":{"rendered":"https:\/\/zonaroja.com.mx\/?p=84854"},"modified":"2025-09-19T22:16:54","modified_gmt":"2025-09-20T04:16:54","slug":"empanan-seccion-22-y-normalistas-visita-de-sheinbaum-a-oaxaca","status":"publish","type":"post","link":"https:\/\/zonaroja.com.mx\/?p=84854","title":{"rendered":"Empa\u00f1an Secci\u00f3n 22 y normalistas visita de Sheinbaum a Oaxaca"},"content":{"rendered":"\n<p>Raymundo Morales\/Zona Roja.<\/p>\n\n\n\n<p>Oaxaca, Oax., a 19 de septiembre de 2025.- Estudiantes normalistas y una representaci\u00f3n de maestros de la Secci\u00f3n del SNTE protest\u00f3, por separado, previo a la visita de la Presidenta Claudia Sheinbaum a Oaxaca.<\/p>\n\n\n\n<p>Y casi al final del informe de la mandataria, en la sede del Instituto Tecnol\u00f3gico, un grupo de choque, presuntamente de \u201cporros\u201d y transportistas de la Confederaci\u00f3n Joven, frenaron con violencia al magisterio que pretendi\u00f3 ingresar al recinto, sin que se registraran lesionados.<\/p>\n\n\n\n<p>Poco despu\u00e9s de las tres de la tarde, unos 200 normalistas de varios planteles se concentraron en la fuente de las Ocho Regiones, al norte de la ciudad, para salir posteriormente en marcha hacia el z\u00f3calo.<\/p>\n\n\n\n<p>Previo a ello dieron una conferencia de prensa, en que explicaron que el motivo de la movilizaci\u00f3n fue exigir justicia por el desalojo violento del que fueron v\u00edctimas hace un a\u00f1o, cuando bloqueaban la calzada H\u00e9roes de Chapultepec.<\/p>\n\n\n\n<p>Tras ello partieron hacia el centro de la capital y en el transcurso vandalizaron varios inmuebles, as\u00ed como el corredor exterior del Palacio; cerca de las cinco de la tarde culminaron sus actividades.<\/p>\n\n\n\n<p>Mientras tanto, desde las dos de la tarde, cientos de docentes se congregaron en la calzada Madero de la ciudad de Oaxaca, encabezados por su dirigente Yenny Aracely P\u00e9rez Mart\u00ednez.<\/p>\n\n\n\n<p>La secretaria General del gremio declar\u00f3 que la finalidad era protestar contra la Presidenta por incumplir con su palabra de derogar la reforma educativa y la Ley del ISSSTE.<\/p>\n\n\n\n<p>Despu\u00e9s de las cinco de la tarde partieron a las inmediaciones del estadio de futbol del Instituto Tecnol\u00f3gico y despu\u00e9s de las siete de la noche un grupo de maestros pretendi\u00f3 ingresar para protestar durante el informe presidencial.<\/p>\n\n\n\n<p>Pero fueron contenidos por grupos de choque y se registr\u00f3 un zafarrancho, sin que se registraran hechos mayores; tras ello, los docentes se retiraron.<\/p>\n\n\n\n<p>Estas fueron las dos \u00fanicas protestas que se registraron en Oaxaca durante este viernes, en el marco de la visita de Sheinbaum Pardo, quien estuvo alrededor de una hora en el estadio de Tecnol\u00f3gico, que luci\u00f3 lleno, para rendir un informe de los apoyos federales a la entidad.<\/p>\n","protected":false},"excerpt":{"rendered":"<p>Raymundo Morales\/Zona Roja. Oaxaca, Oax., a 19 de septiembre de 2025.- Estudiantes normalistas y una&hellip;<\/p>\n","protected":false},"author":2,"featured_media":84855,"comment_status":"closed","ping_status":"open","sticky":false,"template":"","format":"standard","meta":{"_lmt_disableupdate":"","_lmt_disable":"","_jetpack_memberships_contains_paid_content":false,"footnotes":""},"categories":[109,47],"tags":[],"class_list":["post-84854","post","type-post","status-publish","format-standard","has-post-thumbnail","hentry","category-minuto-a-minuto","category-zona-gris"],"jetpack_featured_media_url":"https:\/\/zonaroja.com.mx\/wp-content\/uploads\/2025\/09\/Enfrentamiento-Seccion-22-y-grupos-de-choque-oaxaca.jpg","jetpack_sharing_enabled":true,"_links":{"self":[{"href":"https:\/\/zonaroja.com.mx\/index.php?rest_route=\/wp\/v2\/posts\/84854","targetHints":{"allow":["GET"]}}],"collection":[{"href":"https:\/\/zonaroja.com.mx\/index.php?rest_route=\/wp\/v2\/posts"}],"about":[{"href":"https:\/\/zonaroja.com.mx\/index.php?rest_route=\/wp\/v2\/types\/post"}],"author":[{"embeddable":true,"href":"https:\/\/zonaroja.com.mx\/index.php?rest_route=\/wp\/v2\/users\/2"}],"replies":[{"embeddable":true,"href":"https:\/\/zonaroja.com.mx\/index.php?rest_route=%2Fwp%2Fv2%2Fcomments&post=84854"}],"version-history":[{"count":1,"href":"https:\/\/zonaroja.com.mx\/index.php?rest_route=\/wp\/v2\/posts\/84854\/revisions"}],"predecessor-version":[{"id":84856,"href":"https:\/\/zonaroja.com.mx\/index.php?rest_route=\/wp\/v2\/posts\/84854\/revisions\/84856"}],"wp:featuredmedia":[{"embeddable":true,"href":"https:\/\/zonaroja.com.mx\/index.php?rest_route=\/wp\/v2\/media\/84855"}],"wp:attachment":[{"href":"https:\/\/zonaroja.com.mx\/index.php?rest_route=%2Fwp%2Fv2%2Fmedia&parent=84854"}],"wp:term":[{"taxonomy":"category","embeddable":true,"href":"https:\/\/zonaroja.com.mx\/index.php?rest_route=%2Fwp%2Fv2%2Fcategories&post=84854"},{"taxonomy":"post_tag","embeddable":true,"href":"https:\/\/zonaroja.com.mx\/index.php?rest_route=%2Fwp%2Fv2%2Ftags&post=84854"}],"curies":[{"name":"wp","href":"https:\/\/api.w.org\/{rel}","templated":true}]}}