{"id":84857,"date":"2025-09-20T07:27:00","date_gmt":"2025-09-20T13:27:00","guid":{"rendered":"https:\/\/zonaroja.com.mx\/?p=84857"},"modified":"2025-09-20T06:31:08","modified_gmt":"2025-09-20T12:31:08","slug":"en-oaxaca-todas-las-familias-reciben-algun-programa-social-sheinbaum","status":"publish","type":"post","link":"https:\/\/zonaroja.com.mx\/?p=84857","title":{"rendered":"En Oaxaca, todas las familias reciben alg\u00fan programa social: Sheinbaum"},"content":{"rendered":"\n<p>Redacci\u00f3n\/Zona Roja.<\/p>\n\n\n\n<p>Oaxaca, Oax., a 20 de septiembre de 2025.- Como parte de su gira de rendici\u00f3n de cuentas, la Presidenta Claudia Sheinbaum Pardo destac\u00f3 que en Oaxaca todas las familias reciben al menos uno de los Programas para el Bienestar del Gobierno de M\u00e9xico.<\/p>\n\n\n\n<p>\u201c\u00bfSaben cu\u00e1ntos beneficiarios tienen los Programas de Bienestar en Oaxaca? Un mill\u00f3n 474 mil 296 personas. Podemos decir que pr\u00e1cticamente todas las familias de Oaxaca reciben al menos un apoyo, todas las familias de Oaxaca y es una inversi\u00f3n anual, este 2025, de 37 mil 667 millones de pesos, es una cifra hist\u00f3rica de apoyo directo a todas y todos los oaxaque\u00f1os\u201d, destac\u00f3.<\/p>\n\n\n\n<p>La Jefa del Ejecutivo Federal resalt\u00f3 que Oaxaca es el coraz\u00f3n cultural de M\u00e9xico y la cuna del Humanismo Mexicano, por ello asegur\u00f3 que su gobierno siempre estar\u00e1 cerca de las y los oaxaque\u00f1os.<\/p>\n\n\n\n<p>\u201cEl Humanismo Mexicano se sustenta en los pueblos originarios y en la fecunda historia patria de nuestro pa\u00eds. Estamos orgullosos del momento hist\u00f3rico que estamos viviendo, es un momento muy especial\u201d, agreg\u00f3.<\/p>\n\n\n\n<p>Detall\u00f3 que en dicha entidad 460 mil 526 personas son derechohabientes de la Pensi\u00f3n para el Bienestar de las Personas Adultas Mayores; 55 mil 728 de la Pensi\u00f3n para el Bienestar de las Personas con Discapacidad.<\/p>\n\n\n\n<p>Ocho mil 864 de J\u00f3venes Construyendo el Futuro; 34 mil 631 de J\u00f3venes Escribiendo el Futuro; 138 mil 82 de la beca Benito Ju\u00e1rez; 251 mil 235 ni\u00f1os y ni\u00f1as de primaria reciben una beca.<\/p>\n\n\n\n<p>Tambi\u00e9n, 239 mil 418 de Producci\u00f3n para el Bienestar; 198 mil 749 de Fertilizantes Gratuitos; 33 mil de Sembrando Vida;185 mil de Leche para el Bienestar; mientras que siete mil 262 escuela de educaci\u00f3n b\u00e1sica y 470 preparatorias fueron intervenidas con el programa La Escuela es Nuestra.<\/p>\n\n\n\n<figure class=\"wp-block-image size-full\"><img decoding=\"async\" width=\"680\" height=\"510\" src=\"https:\/\/zonaroja.com.mx\/wp-content\/uploads\/2025\/09\/Estadio-ITO-Claudia-Sheinbaum.jpeg\" alt=\"\" class=\"wp-image-84859\" srcset=\"https:\/\/zonaroja.com.mx\/wp-content\/uploads\/2025\/09\/Estadio-ITO-Claudia-Sheinbaum.jpeg 680w, https:\/\/zonaroja.com.mx\/wp-content\/uploads\/2025\/09\/Estadio-ITO-Claudia-Sheinbaum-300x225.jpeg 300w, https:\/\/zonaroja.com.mx\/wp-content\/uploads\/2025\/09\/Estadio-ITO-Claudia-Sheinbaum-585x439.jpeg 585w\" sizes=\"(max-width: 680px) 100vw, 680px\" \/><\/figure>\n\n\n\n<p>Adem\u00e1s, como parte de los nuevos apoyos creados en su administraci\u00f3n, inform\u00f3 que son 96 mil oaxaque\u00f1as de 63 y 64 a\u00f1os quienes ya reciben la Pensi\u00f3n Mujeres Bienestar, la cual este a\u00f1o ser\u00e1 entregada a todas las mujeres de 60 a 64 a\u00f1os, por su parte, destac\u00f3 que todos los estudiantes de secundaria ya reciben la beca universal Rita Cetina, y las personas adultas mayores, as\u00ed como con discapacidad son visitados por enfermeras, enfermeros, m\u00e9dicas y m\u00e9dicos con Salud Casa por Casa.<\/p>\n\n\n\n<p>La Jefa del Ejecutivo Federal destac\u00f3 la construcci\u00f3n del Tren Interoce\u00e1nico de Ixtepec a Ciudad Hidalgo, Chiapas, que estar\u00e1 listo en 2026, con transporte de carga y de pasajeros; la modernizaci\u00f3n del Puerto de Salina Cruz.<\/p>\n\n\n\n<p>El mejoramiento de todas las carreteras que recorren la Mixteca oaxaque\u00f1a; la ampliaci\u00f3n de la carretera costera que va de Salina Cruz a Zihuatanejo; la construcci\u00f3n de caminos artesanales; la modernizaci\u00f3n del aeropuerto de Puerto Escondido.<\/p>\n\n\n\n<p>La construcci\u00f3n de la presa Margarita Maza, as\u00ed como de dos distritos de riego: el 019 y el 110; de una planta de reciclaje de basura; m\u00e1s preparatorias y un plantel de la Universidad Nacional Rosario Castellanos (UNRC).<\/p>\n\n\n\n<p>Tambi\u00e9n como parte del programa Vivienda para el Bienestar se construir\u00e1n 40 mil viviendas por parte de la Comisi\u00f3n Nacional de Vivienda (Conavi), 40 mil del Instituto del Fondo Nacional de la Vivienda para los Trabajadores (Infonavit) y 9 mil 695 del Fondo de la Vivienda del Instituto de Seguridad y Servicios Sociales de los Trabajadores del Estado (FOVISSSTE).<\/p>\n\n\n\n<p>Destac\u00f3 la inauguraci\u00f3n del Hospital de la Mujer y la Ni\u00f1ez Oaxaque\u00f1a; del Hospital General de Tuxtepec; del Centro de Salud de Servicios Ampliados de Astata; de San Pablo Villa de Mitla; se construye el de San Pablo Yaganiza, as\u00ed como dos hospitales: uno del ISSSTE y otro del IMSS; adicional a ello se rehabilita el Hospital Comunitario en Ixtl\u00e1n de Ju\u00e1rez, en Jalapa de D\u00edaz y el Psiqui\u00e1trico en Cruz del Sur.<\/p>\n\n\n\n<p>Adem\u00e1s, contin\u00faan las obras de la coquizadora de Salina Cruz, se construir\u00e1 un Centro LIBRE para las mujeres en cada municipio y por primera vez los pueblos originarios del estado reciben recursos del Fondo de Aportaciones para la Infraestructura Social para los Pueblos Ind\u00edgenas y Afromexicanos (FAISPIAM).<\/p>\n\n\n\n<p>El gobernador Salom\u00f3n Jara Cruz resalt\u00f3 que, gracias al Humanismo Mexicano: Oaxaca y M\u00e9xico viven su mejor momento pol\u00edtico, econ\u00f3mico y social; adem\u00e1s, agradeci\u00f3 el trabajo de la Presidenta durante su primer a\u00f1o de gobierno, el cual ha beneficiado a los que menos tienen.<\/p>\n","protected":false},"excerpt":{"rendered":"<p>Redacci\u00f3n\/Zona Roja. Oaxaca, Oax., a 20 de septiembre de 2025.- Como parte de su gira&hellip;<\/p>\n","protected":false},"author":2,"featured_media":84860,"comment_status":"closed","ping_status":"open","sticky":false,"template":"","format":"standard","meta":{"_lmt_disableupdate":"","_lmt_disable":"","_jetpack_memberships_contains_paid_content":false,"footnotes":""},"categories":[109,46],"tags":[4365,939],"class_list":["post-84857","post","type-post","status-publish","format-standard","has-post-thumbnail","hentry","category-minuto-a-minuto","category-zona-blanca","tag-claudia-sheinbaum-en-oaxaca","tag-salomon-jara-cruz"],"jetpack_featured_media_url":"https:\/\/zonaroja.com.mx\/wp-content\/uploads\/2025\/09\/Claudia-Sheinbaum-y-Salomon-Jara.jpeg","jetpack_sharing_enabled":true,"_links":{"self":[{"href":"https:\/\/zonaroja.com.mx\/index.php?rest_route=\/wp\/v2\/posts\/84857","targetHints":{"allow":["GET"]}}],"collection":[{"href":"https:\/\/zonaroja.com.mx\/index.php?rest_route=\/wp\/v2\/posts"}],"about":[{"href":"https:\/\/zonaroja.com.mx\/index.php?rest_route=\/wp\/v2\/types\/post"}],"author":[{"embeddable":true,"href":"https:\/\/zonaroja.com.mx\/index.php?rest_route=\/wp\/v2\/users\/2"}],"replies":[{"embeddable":true,"href":"https:\/\/zonaroja.com.mx\/index.php?rest_route=%2Fwp%2Fv2%2Fcomments&post=84857"}],"version-history":[{"count":1,"href":"https:\/\/zonaroja.com.mx\/index.php?rest_route=\/wp\/v2\/posts\/84857\/revisions"}],"predecessor-version":[{"id":84861,"href":"https:\/\/zonaroja.com.mx\/index.php?rest_route=\/wp\/v2\/posts\/84857\/revisions\/84861"}],"wp:featuredmedia":[{"embeddable":true,"href":"https:\/\/zonaroja.com.mx\/index.php?rest_route=\/wp\/v2\/media\/84860"}],"wp:attachment":[{"href":"https:\/\/zonaroja.com.mx\/index.php?rest_route=%2Fwp%2Fv2%2Fmedia&parent=84857"}],"wp:term":[{"taxonomy":"category","embeddable":true,"href":"https:\/\/zonaroja.com.mx\/index.php?rest_route=%2Fwp%2Fv2%2Fcategories&post=84857"},{"taxonomy":"post_tag","embeddable":true,"href":"https:\/\/zonaroja.com.mx\/index.php?rest_route=%2Fwp%2Fv2%2Ftags&post=84857"}],"curies":[{"name":"wp","href":"https:\/\/api.w.org\/{rel}","templated":true}]}}