{"id":84862,"date":"2025-09-20T08:34:00","date_gmt":"2025-09-20T14:34:00","guid":{"rendered":"https:\/\/zonaroja.com.mx\/?p=84862"},"modified":"2025-09-20T09:03:39","modified_gmt":"2025-09-20T15:03:39","slug":"ordena-edil-de-salina-cruz-separacion-de-seis-policias-y-de-mandos","status":"publish","type":"post","link":"https:\/\/zonaroja.com.mx\/?p=84862","title":{"rendered":"Ordena edil de Salina Cruz separaci\u00f3n de seis polic\u00edas y de mandos"},"content":{"rendered":"\n<p>Ismael Garc\u00eda M.\/Zona Roja.<\/p>\n\n\n\n<p>Oaxaca, Oax., a 20 de septiembre de 2025.- Tras la muerte de una mujer el pasado 13 de septiembre en los separos de la comisar\u00eda municipal, el presidente municipal de Salina Cruz, Daniel M\u00e9ndez Sosa, orden\u00f3 la suspensi\u00f3n de seis elementos.<\/p>\n\n\n\n<p>Asimismo, solicit\u00f3 a la Secretar\u00eda de Marina el cambio del comisario municipal y del comandante operativo.<\/p>\n\n\n\n<p>Lo anterior, con la finalidad de seguir contribuyendo al esclarecimiento del caso y en el marco de la colaboraci\u00f3n que mantiene con la Fiscal\u00eda General del Estado de Oaxaca.<\/p>\n\n\n\n<p>En un comunicado, el ayuntamiento dio a conocer que se instruy\u00f3 al Consejo de Honor y Justicia la suspensi\u00f3n de los seis elementos de la Polic\u00eda Municipal.<\/p>\n\n\n\n<p>Asimismo, solicit\u00f3 el cambio de mandos, con base en el Convenio de Colaboraci\u00f3n con la Secretar\u00eda de Marina-Armada de M\u00e9xico.<\/p>\n\n\n\n<p>\u201cEl gobierno municipal de Salina Cruz, reitera su compromiso con la ciudadan\u00eda, la legalidad y la justicia, para permitir que las investigaciones se desarrollen con transparencia y en estricto apego\u201d, indic\u00f3.<\/p>\n\n\n\n<p>Fue el pasado s\u00e1bado 13 de septiembre en que Andrea Tamara B. A. quien hab\u00eda sido detenida la v\u00edspera por polic\u00edas municipales, presuntamente se quit\u00f3 la vida con una de sus prendas \u00edntimas.<\/p>\n\n\n\n<p>El hecho fue confirmado a trav\u00e9s de un video de c\u00e1mara de vigilancia de la corporaci\u00f3n, por lo cual la Fiscal\u00eda General indic\u00f3 que se investiga una probable omisi\u00f3n; en su momento, la instituci\u00f3n.<\/p>\n\n\n\n<figure class=\"wp-block-image size-full\"><img decoding=\"async\" width=\"547\" height=\"600\" src=\"https:\/\/zonaroja.com.mx\/wp-content\/uploads\/2025\/09\/Comunicado-Salina-Cruz-caso-Andrea-Tamara.jpg\" alt=\"\" class=\"wp-image-84863\" srcset=\"https:\/\/zonaroja.com.mx\/wp-content\/uploads\/2025\/09\/Comunicado-Salina-Cruz-caso-Andrea-Tamara.jpg 547w, https:\/\/zonaroja.com.mx\/wp-content\/uploads\/2025\/09\/Comunicado-Salina-Cruz-caso-Andrea-Tamara-274x300.jpg 274w\" sizes=\"(max-width: 547px) 100vw, 547px\" \/><\/figure>\n","protected":false},"excerpt":{"rendered":"<p>Ismael Garc\u00eda M.\/Zona Roja. Oaxaca, Oax., a 20 de septiembre de 2025.- Tras la muerte&hellip;<\/p>\n","protected":false},"author":2,"featured_media":84658,"comment_status":"closed","ping_status":"open","sticky":false,"template":"","format":"standard","meta":{"_lmt_disableupdate":"","_lmt_disable":"","_jetpack_memberships_contains_paid_content":false,"footnotes":""},"categories":[109,46],"tags":[4450,168],"class_list":["post-84862","post","type-post","status-publish","format-standard","has-post-thumbnail","hentry","category-minuto-a-minuto","category-zona-blanca","tag-andrea-tamara-balderas-alegria","tag-salina-cruz"],"jetpack_featured_media_url":"https:\/\/zonaroja.com.mx\/wp-content\/uploads\/2025\/09\/Andrea-Tamara-se-ahorco-imagen-video-Salina-CRuz.jpg","jetpack_sharing_enabled":true,"_links":{"self":[{"href":"https:\/\/zonaroja.com.mx\/index.php?rest_route=\/wp\/v2\/posts\/84862","targetHints":{"allow":["GET"]}}],"collection":[{"href":"https:\/\/zonaroja.com.mx\/index.php?rest_route=\/wp\/v2\/posts"}],"about":[{"href":"https:\/\/zonaroja.com.mx\/index.php?rest_route=\/wp\/v2\/types\/post"}],"author":[{"embeddable":true,"href":"https:\/\/zonaroja.com.mx\/index.php?rest_route=\/wp\/v2\/users\/2"}],"replies":[{"embeddable":true,"href":"https:\/\/zonaroja.com.mx\/index.php?rest_route=%2Fwp%2Fv2%2Fcomments&post=84862"}],"version-history":[{"count":1,"href":"https:\/\/zonaroja.com.mx\/index.php?rest_route=\/wp\/v2\/posts\/84862\/revisions"}],"predecessor-version":[{"id":84864,"href":"https:\/\/zonaroja.com.mx\/index.php?rest_route=\/wp\/v2\/posts\/84862\/revisions\/84864"}],"wp:featuredmedia":[{"embeddable":true,"href":"https:\/\/zonaroja.com.mx\/index.php?rest_route=\/wp\/v2\/media\/84658"}],"wp:attachment":[{"href":"https:\/\/zonaroja.com.mx\/index.php?rest_route=%2Fwp%2Fv2%2Fmedia&parent=84862"}],"wp:term":[{"taxonomy":"category","embeddable":true,"href":"https:\/\/zonaroja.com.mx\/index.php?rest_route=%2Fwp%2Fv2%2Fcategories&post=84862"},{"taxonomy":"post_tag","embeddable":true,"href":"https:\/\/zonaroja.com.mx\/index.php?rest_route=%2Fwp%2Fv2%2Ftags&post=84862"}],"curies":[{"name":"wp","href":"https:\/\/api.w.org\/{rel}","templated":true}]}}