{"id":84865,"date":"2025-09-20T09:28:00","date_gmt":"2025-09-20T15:28:00","guid":{"rendered":"https:\/\/zonaroja.com.mx\/?p=84865"},"modified":"2025-09-20T07:39:23","modified_gmt":"2025-09-20T13:39:23","slug":"capturan-en-miahuatlan-a-dos-narcomenudistas-de-durango","status":"publish","type":"post","link":"https:\/\/zonaroja.com.mx\/?p=84865","title":{"rendered":"Capturan en Miahuatl\u00e1n a dos narcomenudistas de Durango"},"content":{"rendered":"\n<p>Redacci\u00f3n\/Zona Roja.&nbsp;<\/p>\n\n\n\n<p>Oaxaca, Oax., a 20 de septiembre&nbsp; de 2025.- Durante la ejecuci\u00f3n de un cateo, la Fiscal\u00eda General del Estado de Oaxaca (FGEO) captur\u00f3 a dos personas del sexo masculino identificadas como J.S.D.I. y K.Y.E.A., originarios del estado de Durango, detenidos por narcomenudeo, cometido en la regi\u00f3n de la Sierra Sur.<\/p>\n\n\n\n<p>La detenci\u00f3n de J.S.D.I. y K.Y.E.A. se efectu\u00f3 cuando se realiz\u00f3 un despliegue policial para cumplir una orden de cateo derivada de los trabajos de inteligencia criminal que la Fiscal\u00eda realiza para el combate al narcomenudeo, gracias a los cuales se logr\u00f3 identificar un punto de distribuci\u00f3n y venta de drogas.<\/p>\n\n\n\n<p>El operativo estuvo encabezado por la FGEO, a trav\u00e9s de la Vicefiscal\u00eda de Valles Centrales y la Agencia Estatal de Investigaciones (AEI), en estrecha coordinaci\u00f3n con la Secretar\u00eda de la Defensa Nacional (Defensa), Guardia Nacional y la Polic\u00eda Estatal.<\/p>\n\n\n\n<p>El grupo t\u00e1ctico combinado de elementos de seguridad se despleg\u00f3 en un domicilio ubicado en la colonia El Arenal del municipio de Miahuatl\u00e1n de Porfirio D\u00edaz, en donde se logr\u00f3 la detenci\u00f3n de dos personas, as\u00ed como el aseguramiento de diversas dosis de drogas.&nbsp;<\/p>\n\n\n\n<p>Tras verificar los datos de prueba, el Juez de la causa calific\u00f3 como legal la detenci\u00f3n de J.S.D.I. y K.Y.E.A., quienes quedaron imputados por el delito contra la salud en su modalidad de narcomenudeo en su hip\u00f3tesis de comercio, por lo que la Fiscal\u00eda de Oaxaca hizo la solicitud de la vinculaci\u00f3n a proceso, logrando obtener la medida cautelar de prisi\u00f3n preventiva justificada a espera de la siguiente audiencia.<\/p>\n\n\n\n<p>OTROS DOS NARCOMENUDISTAS<\/p>\n\n\n\n<p>En otro caso, la Fiscal\u00eda General obtuvo vinculaci\u00f3n a proceso y prisi\u00f3n en contra de dos hombres identificados como E. A. G. y A. A. B. N., quienes fueron detenidos derivado de acciones de seguridad y vigilancia implementadas en la capital del estado, imputados por su probable responsabilidad en la comisi\u00f3n de delitos contra la salud.<\/p>\n\n\n\n<p>Los hechos ocurrieron el 9 de septiembre de 2025, cuando elementos de la Polic\u00eda Estatal detectaron a dos personas circulando en una motocicleta a exceso de velocidad en calles del centro de la ciudad de Oaxaca de Ju\u00e1rez.<\/p>\n\n\n\n<p>Al marcarles el alto, \u00e9stos emprendieron la huida, iniciando una persecuci\u00f3n que concluy\u00f3 en inmediaciones de la avenida S\u00edmbolos Patrios.<\/p>\n\n\n\n<p>Durante la intervenci\u00f3n, personal policial asegur\u00f3 diversas dosis de una hierba con caracter\u00edsticas similares a la de la marihuana, adem\u00e1s bolsas pl\u00e1sticas conteniendo dosis de una sustancia similar a la droga conocida como metanfetamina, adem\u00e1s de tel\u00e9fonos celulares.<\/p>\n\n\n\n<p>Por estos hechos, ambos individuos fueron detenidos y puestos a disposici\u00f3n de la autoridad ministerial.<\/p>\n\n\n\n<p>Tras evaluar&nbsp; las pruebas aportadas por la Fiscal\u00eda General del Estado a trav\u00e9s de la Vicefiscal\u00eda Regional de Valles Centrales, el Juez de la causa determin\u00f3 vincular&nbsp; proceso a las dos personas del sexo masculino identificados como E. A. G. y A. A. B. N,<\/p>\n\n\n\n<p>CUATRO EN EL ISTMO<\/p>\n\n\n\n<p>En tanto, la Fiscal\u00eda logr\u00f3 la detenci\u00f3n en flagrancia de cuatro personas por la probable comisi\u00f3n del delito contra la salud, durante un operativo de vigilancia interinstitucional realizado en la regi\u00f3n del Istmo de Tehuantepec.<\/p>\n\n\n\n<p>Se trata de tres hombres identificados como L.M.C.V., S.Z.M. y J.A.R.S., as\u00ed como una mujer identificada como A.A.E.M., quienes fueron detenidos por elementos de la Agencia Estatal de Investigaciones, en coordinaci\u00f3n con la Vicefiscal\u00eda Regional del Istmo, la Secretar\u00eda de la Defensa Nacional y la Guardia Nacional, en el marco de los recorridos de seguridad que se desarrollan en la zona.<\/p>\n\n\n\n<p>Las personas detenidas circulaban en sentido contrario sobre la carretera Trans\u00edstmica 185 y, al encontrarse con el convoy de las autoridades, adoptaron una actitud sospechosa.<\/p>\n\n\n\n<p>Tras ser alcanzados para una revisi\u00f3n preventiva, respondieron de manera agresiva, por lo que se procedi\u00f3 a una inspecci\u00f3n, en la que fueron aseguradas al menos 44 bolsitas con dosis de una sustancia con caracter\u00edsticas similares a la droga conocida como cristal.<\/p>\n\n\n\n<p>Debido a esto, las cuatro personas fueron trasladadas de inmediato a la Agencia del Ministerio P\u00fablico correspondiente, donde se definir\u00e1 su situaci\u00f3n jur\u00eddica conforme a la ley.<\/p>\n","protected":false},"excerpt":{"rendered":"<p>Redacci\u00f3n\/Zona Roja.&nbsp; Oaxaca, Oax., a 20 de septiembre&nbsp; de 2025.- Durante la ejecuci\u00f3n de un&hellip;<\/p>\n","protected":false},"author":2,"featured_media":84867,"comment_status":"closed","ping_status":"open","sticky":false,"template":"","format":"standard","meta":{"_lmt_disableupdate":"","_lmt_disable":"","_jetpack_memberships_contains_paid_content":false,"footnotes":""},"categories":[109,46],"tags":[494],"class_list":["post-84865","post","type-post","status-publish","format-standard","has-post-thumbnail","hentry","category-minuto-a-minuto","category-zona-blanca","tag-fiscalia-general-del-estado-de-oaxaca"],"jetpack_featured_media_url":"https:\/\/zonaroja.com.mx\/wp-content\/uploads\/2025\/09\/BOLETIN-1760.-Fiscalia-de-Oaxaca-detiene-a-personas-originarias-de-Durango-durante-cateo-en-punto-de-distribucion-y-venta-de-drogas-operativo-realizado-en-Miahuatlan-de-Porfirio-Diaz.jpeg","jetpack_sharing_enabled":true,"_links":{"self":[{"href":"https:\/\/zonaroja.com.mx\/index.php?rest_route=\/wp\/v2\/posts\/84865","targetHints":{"allow":["GET"]}}],"collection":[{"href":"https:\/\/zonaroja.com.mx\/index.php?rest_route=\/wp\/v2\/posts"}],"about":[{"href":"https:\/\/zonaroja.com.mx\/index.php?rest_route=\/wp\/v2\/types\/post"}],"author":[{"embeddable":true,"href":"https:\/\/zonaroja.com.mx\/index.php?rest_route=\/wp\/v2\/users\/2"}],"replies":[{"embeddable":true,"href":"https:\/\/zonaroja.com.mx\/index.php?rest_route=%2Fwp%2Fv2%2Fcomments&post=84865"}],"version-history":[{"count":1,"href":"https:\/\/zonaroja.com.mx\/index.php?rest_route=\/wp\/v2\/posts\/84865\/revisions"}],"predecessor-version":[{"id":84868,"href":"https:\/\/zonaroja.com.mx\/index.php?rest_route=\/wp\/v2\/posts\/84865\/revisions\/84868"}],"wp:featuredmedia":[{"embeddable":true,"href":"https:\/\/zonaroja.com.mx\/index.php?rest_route=\/wp\/v2\/media\/84867"}],"wp:attachment":[{"href":"https:\/\/zonaroja.com.mx\/index.php?rest_route=%2Fwp%2Fv2%2Fmedia&parent=84865"}],"wp:term":[{"taxonomy":"category","embeddable":true,"href":"https:\/\/zonaroja.com.mx\/index.php?rest_route=%2Fwp%2Fv2%2Fcategories&post=84865"},{"taxonomy":"post_tag","embeddable":true,"href":"https:\/\/zonaroja.com.mx\/index.php?rest_route=%2Fwp%2Fv2%2Ftags&post=84865"}],"curies":[{"name":"wp","href":"https:\/\/api.w.org\/{rel}","templated":true}]}}