{"id":84869,"date":"2025-09-20T10:30:00","date_gmt":"2025-09-20T16:30:00","guid":{"rendered":"https:\/\/zonaroja.com.mx\/?p=84869"},"modified":"2025-09-20T07:45:33","modified_gmt":"2025-09-20T13:45:33","slug":"reconoce-diputado-benjamin-viveros-compromiso-de-la-presidenta","status":"publish","type":"post","link":"https:\/\/zonaroja.com.mx\/?p=84869","title":{"rendered":"Reconoce diputado Benjam\u00edn Viveros compromiso de la Presidenta\u00a0"},"content":{"rendered":"\n<p>Redacci\u00f3n\/Zona Roja.<\/p>\n\n\n\n<p>Oaxaca, Oax., a 20 de septiembre de 2025.- En el marco de la visita de la Presidenta de M\u00e9xico, Claudia Sheinbaum Pardo en Oaxaca, como parte de su gira por todo el pa\u00eds para rendir cuentas tras la presentaci\u00f3n de su Primer Informe de Gobierno, el coordinador del Grupo Parlamentario de Morena en el Congreso del Estado, diputado Benjam\u00edn Viveros Montalvo reconoci\u00f3 su compromiso con la transformaci\u00f3n del pa\u00eds y el gran trabajo realizado a beneficio del pueblo de M\u00e9xico y de la entidad. &nbsp;<\/p>\n\n\n\n<p>Como lo dijo el Gobernador Salom\u00f3n Jara Cruz, destac\u00f3 que en Oaxaca la esperanza renace y la Primavera florece para seguir consolidando el Segundo Piso de la Cuarta Transformaci\u00f3n, de la mano de una mujer de principios, que camina junto al pueblo, que entrega resultados y act\u00faa con humildad.<\/p>\n\n\n\n<p>Sostuvo que gracias al humanismo mexicano que ha sido la base del Movimiento de Regeneraci\u00f3n Nacional iniciado por el expresidente Andr\u00e9s Manuel L\u00f3pez Obrador y que ha dado continuidad Sheinbaum Pardo, en seis a\u00f1os 13.5 millones de mexicanas y mexicanos salieron de la pobreza y la cifra se logr\u00f3, entre otros factores, gracias al incremento al salario m\u00ednimo y a la bater\u00eda de programas sociales del Gobierno Federal, reiter\u00f3.<\/p>\n\n\n\n<p>\u201cCon la 4T se acabaron los gobiernos que gobernaban con privilegios y para unos cuantos. Ahora se gobierna con el pueblo y para el pueblo\u201d, sentenci\u00f3.<\/p>\n\n\n\n<p>Refiri\u00f3 que los avances en el pa\u00eds y estado han sido en materia econ\u00f3mica, pol\u00edtica y social, lo que se ha traducido en pol\u00edticas p\u00fablicas que priorizan el bienestar de las personas y las comunidades.<\/p>\n\n\n\n<p>Tan solo en Oaxaca m\u00e1s de un mill\u00f3n de personas se han beneficiado con apoyos directos, principalmente estudiantes, juventudes, mujeres, personas con discapacidad y personas mayores de 65 a\u00f1os, lo que significa que por lo menos una persona en cada familia ha recibido el apoyo de alg\u00fan programa social, lo cual ha permitido que m\u00e1s habitantes tengan acceso a oportunidades y mejoren su calidad de vida.<\/p>\n\n\n\n<p>Viveros Montalvo se\u00f1al\u00f3 que lo anterior es muestra, de que la transformaci\u00f3n se fortalece con la inversi\u00f3n en educaci\u00f3n, salud, el campo, infraestructura carretera, salarios dignos, seguridad, el Corredor Interoce\u00e1nico del Istmo de Tehuantepec (CIIT), entre otros m\u00e1s.<\/p>\n\n\n\n<p>\u201cDe la mano de la Presidenta construiremos un futuro m\u00e1s pr\u00f3spero, donde el humanismo mexicano siga siendo la gu\u00eda que nos inspira a trabajar por el bien com\u00fan.\u201d<\/p>\n\n\n\n<p>La Presidenta de la Naci\u00f3n rindi\u00f3 su informe de resultados en Oaxaca, en lo que dijo fue su visita n\u00famero 18 del recorrido que inici\u00f3 por las 32 entidades del pa\u00eds.<\/p>\n","protected":false},"excerpt":{"rendered":"<p>Redacci\u00f3n\/Zona Roja. Oaxaca, Oax., a 20 de septiembre de 2025.- En el marco de la&hellip;<\/p>\n","protected":false},"author":2,"featured_media":84866,"comment_status":"closed","ping_status":"open","sticky":false,"template":"","format":"standard","meta":{"_lmt_disableupdate":"","_lmt_disable":"","_jetpack_memberships_contains_paid_content":false,"footnotes":""},"categories":[109,46],"tags":[3664],"class_list":["post-84869","post","type-post","status-publish","format-standard","has-post-thumbnail","hentry","category-minuto-a-minuto","category-zona-blanca","tag-benjamin-viveros-montalvo"],"jetpack_featured_media_url":"https:\/\/zonaroja.com.mx\/wp-content\/uploads\/2025\/09\/Benjamin-viveros-y-Claudia-Sheinbaum.jpg","jetpack_sharing_enabled":true,"_links":{"self":[{"href":"https:\/\/zonaroja.com.mx\/index.php?rest_route=\/wp\/v2\/posts\/84869","targetHints":{"allow":["GET"]}}],"collection":[{"href":"https:\/\/zonaroja.com.mx\/index.php?rest_route=\/wp\/v2\/posts"}],"about":[{"href":"https:\/\/zonaroja.com.mx\/index.php?rest_route=\/wp\/v2\/types\/post"}],"author":[{"embeddable":true,"href":"https:\/\/zonaroja.com.mx\/index.php?rest_route=\/wp\/v2\/users\/2"}],"replies":[{"embeddable":true,"href":"https:\/\/zonaroja.com.mx\/index.php?rest_route=%2Fwp%2Fv2%2Fcomments&post=84869"}],"version-history":[{"count":1,"href":"https:\/\/zonaroja.com.mx\/index.php?rest_route=\/wp\/v2\/posts\/84869\/revisions"}],"predecessor-version":[{"id":84870,"href":"https:\/\/zonaroja.com.mx\/index.php?rest_route=\/wp\/v2\/posts\/84869\/revisions\/84870"}],"wp:featuredmedia":[{"embeddable":true,"href":"https:\/\/zonaroja.com.mx\/index.php?rest_route=\/wp\/v2\/media\/84866"}],"wp:attachment":[{"href":"https:\/\/zonaroja.com.mx\/index.php?rest_route=%2Fwp%2Fv2%2Fmedia&parent=84869"}],"wp:term":[{"taxonomy":"category","embeddable":true,"href":"https:\/\/zonaroja.com.mx\/index.php?rest_route=%2Fwp%2Fv2%2Fcategories&post=84869"},{"taxonomy":"post_tag","embeddable":true,"href":"https:\/\/zonaroja.com.mx\/index.php?rest_route=%2Fwp%2Fv2%2Ftags&post=84869"}],"curies":[{"name":"wp","href":"https:\/\/api.w.org\/{rel}","templated":true}]}}