{"id":84871,"date":"2025-09-20T11:30:00","date_gmt":"2025-09-20T17:30:00","guid":{"rendered":"https:\/\/zonaroja.com.mx\/?p=84871"},"modified":"2025-09-20T07:48:16","modified_gmt":"2025-09-20T13:48:16","slug":"culmina-el-coro-de-la-ciudad-de-oaxaca-acuerdo-con-ayuntamiento","status":"publish","type":"post","link":"https:\/\/zonaroja.com.mx\/?p=84871","title":{"rendered":"Culmina el Coro de la Ciudad de Oaxaca acuerdo con ayuntamiento"},"content":{"rendered":"\n<p>Lisbeth Mej\u00eda Reyes\/Zona Roja.<\/p>\n\n\n\n<p>Oaxaca, Oax., a 20 de septiembre de 2025.- El Coro de la Ciudad de Oaxaca, fundado en agosto de 1990 por el fallecido Israel Rivera P\u00e9rez, se desvincul\u00f3 del ayuntamiento de Oaxaca de Ju\u00e1rez despu\u00e9s de 35 a\u00f1os de colaboraci\u00f3n.&nbsp;<\/p>\n\n\n\n<p>La decisi\u00f3n fue informada el pasado 17 de septiembre por la instituci\u00f3n que ahora dirige Israel Rivera Ca\u00f1as, hijo del m\u00fasico. Aunque por el momento, este \u00faltimo no ha detallado los motivos.<\/p>\n\n\n\n<p>Sin embargo, a la par del anuncio, la Secretar\u00eda de Arte y Cultura municipal lanz\u00f3 una convocatoria para conformar un nuevo coro y este jueves inform\u00f3 que la directora ser\u00e1 Karol Raquel P\u00e9rez Labariega, a quien describi\u00f3 como licenciada en M\u00fasica con especialidad en direcci\u00f3n coral y maestra en Direcci\u00f3n e Investigaci\u00f3n Coral por el Centro Superior de Estudios Musicales Katarina Gurska (Madrid, Espa\u00f1a).<\/p>\n\n\n\n<p>Tras la solicitud de una entrevista, Rivera Ca\u00f1as dijo que por el momento le es imposible debido a varias actividades con el coro.<\/p>\n\n\n\n<p>En su comunicado, la agrupaci\u00f3n inform\u00f3 que dej\u00f3 de pertenecer al ayuntamiento desde el 15 de septiembre.&nbsp;<\/p>\n\n\n\n<p>Asimismo, apunt\u00f3 que durante 35 a\u00f1os de trayectoria ininterrumpida hab\u00eda \u00abcontado con el apoyo y colaboraci\u00f3n de distintas administraciones municipales\u00bb, a las que expres\u00f3 su \u00abm\u00e1s sincero agradecimiento por el respaldo brindado al quehacer cultural de esta agrupaci\u00f3n\u00bb.<\/p>\n\n\n\n<p>Sin detallar en los motivos, el coro dijo que mantendr\u00e1 su \u00abcompromiso de continuar aportando al fortalecimiento de la vida art\u00edstica y cultural de nuestra ciudad, con el mismo profesionalismo y dedicaci\u00f3n que nos ha caracterizado desde nuestra fundaci\u00f3n\u00bb.<\/p>\n\n\n\n<p>El rompimiento de las relaciones entre el coro y el ayuntamiento capitalino gener\u00f3 sorpresa entre la comunidad art\u00edstica y cultural de Oaxaca, especialmente porque el coro ha sido parte esencial en los festejos del aniversario de la ciudad y otros eventos oficiales. Incluso representando a la ciudad de Oaxaca en diferentes eventos en el pa\u00eds o en el extranjero.<\/p>\n\n\n\n<p>La agrupaci\u00f3n conformada por 30 int\u00e9rpretes de diferentes edades se ha presentado junto a agrupaciones emblem\u00e1ticas del estado como la Banda de M\u00fasica del Estado y la Orquesta Sinf\u00f3nica de Oaxaca.<\/p>\n\n\n\n<p>En una entrevista con la Corporaci\u00f3n Oaxaque\u00f1a de Radio y Televisi\u00f3n (Cortv), realizada en el a\u00f1o 2017, el actual director, Israel Rivera Ca\u00f1as, record\u00f3 que esta instituci\u00f3n es parte de una tradici\u00f3n de coros que han existido en la ciudad. En este caso, participando en actividades organizadas por el ayuntamiento, como el Viernes de Dolores, las fiestas de Guelaguetza o el D\u00eda de Muertos.<\/p>\n\n\n\n<p>En su repertorio, dijo, hay villancicos navide\u00f1os y espa\u00f1oles, m\u00fasica tradicional oaxaque\u00f1a y mexicana, as\u00ed como m\u00fasica sacra.<\/p>\n\n\n\n<p>Cada a\u00f1o, hasta en este \u00faltimo, el coro ha sido parte fundamental de los festejos por el aniversario de la elevaci\u00f3n a rango de ciudad de la Villa de Antequera (ahora, Oaxaca de Ju\u00e1rez). En los \u00faltimos meses, con la administraci\u00f3n del edil Raymundo Chagoya Villanueva, tambi\u00e9n hab\u00eda tenido varias participaciones.<\/p>\n","protected":false},"excerpt":{"rendered":"<p>Lisbeth Mej\u00eda Reyes\/Zona Roja. Oaxaca, Oax., a 20 de septiembre de 2025.- El Coro de&hellip;<\/p>\n","protected":false},"author":2,"featured_media":84872,"comment_status":"closed","ping_status":"open","sticky":false,"template":"","format":"standard","meta":{"_lmt_disableupdate":"","_lmt_disable":"","_jetpack_memberships_contains_paid_content":false,"footnotes":""},"categories":[109,46],"tags":[4460],"class_list":["post-84871","post","type-post","status-publish","format-standard","has-post-thumbnail","hentry","category-minuto-a-minuto","category-zona-blanca","tag-coro-de-la-ciudad-de-oaxaca"],"jetpack_featured_media_url":"https:\/\/zonaroja.com.mx\/wp-content\/uploads\/2025\/09\/Coro-de-la-Ciudad-Oaxaca.jpg","jetpack_sharing_enabled":true,"_links":{"self":[{"href":"https:\/\/zonaroja.com.mx\/index.php?rest_route=\/wp\/v2\/posts\/84871","targetHints":{"allow":["GET"]}}],"collection":[{"href":"https:\/\/zonaroja.com.mx\/index.php?rest_route=\/wp\/v2\/posts"}],"about":[{"href":"https:\/\/zonaroja.com.mx\/index.php?rest_route=\/wp\/v2\/types\/post"}],"author":[{"embeddable":true,"href":"https:\/\/zonaroja.com.mx\/index.php?rest_route=\/wp\/v2\/users\/2"}],"replies":[{"embeddable":true,"href":"https:\/\/zonaroja.com.mx\/index.php?rest_route=%2Fwp%2Fv2%2Fcomments&post=84871"}],"version-history":[{"count":1,"href":"https:\/\/zonaroja.com.mx\/index.php?rest_route=\/wp\/v2\/posts\/84871\/revisions"}],"predecessor-version":[{"id":84873,"href":"https:\/\/zonaroja.com.mx\/index.php?rest_route=\/wp\/v2\/posts\/84871\/revisions\/84873"}],"wp:featuredmedia":[{"embeddable":true,"href":"https:\/\/zonaroja.com.mx\/index.php?rest_route=\/wp\/v2\/media\/84872"}],"wp:attachment":[{"href":"https:\/\/zonaroja.com.mx\/index.php?rest_route=%2Fwp%2Fv2%2Fmedia&parent=84871"}],"wp:term":[{"taxonomy":"category","embeddable":true,"href":"https:\/\/zonaroja.com.mx\/index.php?rest_route=%2Fwp%2Fv2%2Fcategories&post=84871"},{"taxonomy":"post_tag","embeddable":true,"href":"https:\/\/zonaroja.com.mx\/index.php?rest_route=%2Fwp%2Fv2%2Ftags&post=84871"}],"curies":[{"name":"wp","href":"https:\/\/api.w.org\/{rel}","templated":true}]}}