{"id":84874,"date":"2025-09-20T12:30:00","date_gmt":"2025-09-20T18:30:00","guid":{"rendered":"https:\/\/zonaroja.com.mx\/?p=84874"},"modified":"2025-09-20T07:53:25","modified_gmt":"2025-09-20T13:53:25","slug":"gobierno-de-sheinbaum-impulsa-desarrollo-de-oaxaca-reconoce-nancy-benitez","status":"publish","type":"post","link":"https:\/\/zonaroja.com.mx\/?p=84874","title":{"rendered":"Gobierno de Sheinbaum impulsa desarrollo de Oaxaca, reconoce Nancy Ben\u00edtez"},"content":{"rendered":"\n<p>Redacci\u00f3n\/Zona Roja.<\/p>\n\n\n\n<p>Oaxaca, Oax., a 20 de septiembre de 2025.\u2013 En el marco de la visita de la Presidenta de M\u00e9xico, Claudia Sheinbaum Pardo, para encabezar el informe regional \u201cLa Transformaci\u00f3n Avanza\u201d, la edil de Santa Cruz Xoxocotl\u00e1n, Nancy Ben\u00edtez Z\u00e1rate, reconoci\u00f3 el compromiso y humanismo de la mandataria federal.<\/p>\n\n\n\n<p>Destac\u00f3, adem\u00e1s, las importantes aportaciones realizadas a Oaxaca durante su primer a\u00f1o de gesti\u00f3n.<\/p>\n\n\n\n<p>\u201cQue la Presidenta Claudia Sheinbaum haya elegido a Oaxaca como sede de este informe regional es un gesto que valoramos profundamente. Refleja no solo su aprecio por nuestra tierra, sino tambi\u00e9n el inter\u00e9s estrat\u00e9gico por el desarrollo del sur del pa\u00eds, y en especial de esta entidad\u201d, expres\u00f3 Ben\u00edtez Z\u00e1rate.<\/p>\n\n\n\n<p>En su visita a la entidad, la Presidenta de M\u00e9xico, Claudia Sheinbaum afirm\u00f3 que Oaxaca es la cuna del humanismo mexicano que se sustenta en los pueblos originarios y en la fecunda historia patria del pa\u00eds.<\/p>\n\n\n\n<p>Entre los logros m\u00e1s relevantes, la edil subray\u00f3 la Pensi\u00f3n para el Bienestar de las Personas Adultas Mayores, el programa con mayor presupuesto dentro de la pol\u00edtica social nacional. Este cuenta con una inversi\u00f3n de m\u00e1s de 483 mil 400 millones de pesos y en Oaxaca beneficia a m\u00e1s de 50 mil personas.<\/p>\n\n\n\n<p>Asimismo, celebr\u00f3 el impulso a la educaci\u00f3n con programas como la Beca Rita Cetina Guti\u00e9rrez, que otorga apoyos econ\u00f3micos a estudiantes de educaci\u00f3n b\u00e1sica y contribuye a reducir el abandono escolar por motivos econ\u00f3micos.<\/p>\n\n\n\n<p>Nancy Ben\u00edtez tambi\u00e9n reconoci\u00f3 la estrecha coordinaci\u00f3n entre el Gobierno del Estado, encabezado por Salom\u00f3n Jara Cruz, y el Gobierno Federal. Dicha colaboraci\u00f3n ha permitido resultados concretos como la reducci\u00f3n del 6.8% de la pobreza entre 2022 y 2024.<\/p>\n\n\n\n<p>As\u00ed como la hist\u00f3rica inversi\u00f3n de siete mil millones de pesos para la construcci\u00f3n de Ciudad Salud, un complejo que albergar\u00e1 dos nuevos hospitales de alta especialidad del IMSS y del ISSSTE.<\/p>\n\n\n\n<p>\u201cEstos resultados no son casualidad. Son fruto de una visi\u00f3n clara, de trabajo coordinado y de una convicci\u00f3n de justicia social. Desde Santa Cruz Xoxocotl\u00e1n, reconocemos y agradecemos el compromiso de la presidenta con Oaxaca\u201d, concluy\u00f3 la edil.<\/p>\n","protected":false},"excerpt":{"rendered":"<p>Redacci\u00f3n\/Zona Roja. Oaxaca, Oax., a 20 de septiembre de 2025.\u2013 En el marco de la&hellip;<\/p>\n","protected":false},"author":2,"featured_media":84875,"comment_status":"closed","ping_status":"open","sticky":false,"template":"","format":"standard","meta":{"_lmt_disableupdate":"","_lmt_disable":"","_jetpack_memberships_contains_paid_content":false,"footnotes":""},"categories":[109,46],"tags":[3376,133],"class_list":["post-84874","post","type-post","status-publish","format-standard","has-post-thumbnail","hentry","category-minuto-a-minuto","category-zona-blanca","tag-nancy-benitez","tag-santa-cruz-xoxocotlan"],"jetpack_featured_media_url":"https:\/\/zonaroja.com.mx\/wp-content\/uploads\/2025\/09\/Nancy-Benitez-Xoxocotlan.jpeg","jetpack_sharing_enabled":true,"_links":{"self":[{"href":"https:\/\/zonaroja.com.mx\/index.php?rest_route=\/wp\/v2\/posts\/84874","targetHints":{"allow":["GET"]}}],"collection":[{"href":"https:\/\/zonaroja.com.mx\/index.php?rest_route=\/wp\/v2\/posts"}],"about":[{"href":"https:\/\/zonaroja.com.mx\/index.php?rest_route=\/wp\/v2\/types\/post"}],"author":[{"embeddable":true,"href":"https:\/\/zonaroja.com.mx\/index.php?rest_route=\/wp\/v2\/users\/2"}],"replies":[{"embeddable":true,"href":"https:\/\/zonaroja.com.mx\/index.php?rest_route=%2Fwp%2Fv2%2Fcomments&post=84874"}],"version-history":[{"count":1,"href":"https:\/\/zonaroja.com.mx\/index.php?rest_route=\/wp\/v2\/posts\/84874\/revisions"}],"predecessor-version":[{"id":84876,"href":"https:\/\/zonaroja.com.mx\/index.php?rest_route=\/wp\/v2\/posts\/84874\/revisions\/84876"}],"wp:featuredmedia":[{"embeddable":true,"href":"https:\/\/zonaroja.com.mx\/index.php?rest_route=\/wp\/v2\/media\/84875"}],"wp:attachment":[{"href":"https:\/\/zonaroja.com.mx\/index.php?rest_route=%2Fwp%2Fv2%2Fmedia&parent=84874"}],"wp:term":[{"taxonomy":"category","embeddable":true,"href":"https:\/\/zonaroja.com.mx\/index.php?rest_route=%2Fwp%2Fv2%2Fcategories&post=84874"},{"taxonomy":"post_tag","embeddable":true,"href":"https:\/\/zonaroja.com.mx\/index.php?rest_route=%2Fwp%2Fv2%2Ftags&post=84874"}],"curies":[{"name":"wp","href":"https:\/\/api.w.org\/{rel}","templated":true}]}}