{"id":84877,"date":"2025-09-20T12:59:00","date_gmt":"2025-09-20T18:59:00","guid":{"rendered":"https:\/\/zonaroja.com.mx\/?p=84877"},"modified":"2025-09-20T08:03:08","modified_gmt":"2025-09-20T14:03:08","slug":"funcionario-de-presidencia-golpea-a-reportero-en-guerrero-lo-suspenden","status":"publish","type":"post","link":"https:\/\/zonaroja.com.mx\/?p=84877","title":{"rendered":"Funcionario de Presidencia golpea a reportero en Guerrero; lo suspenden"},"content":{"rendered":"\n<p>Redacci\u00f3n\/Zona Roja Cdmx. Foto: \u00abEl Sur\u00bb de Acapulco.<\/p>\n\n\n\n<p>Ciudad de M\u00e9xico, a 20 de septiembre de 2025.- La Presidencia de la Rep\u00fablica suspendi\u00f3 en sus funciones a un empleado del \u00e1rea de Comunicaci\u00f3n Social por haber golpeado al corresponsal de \u201cLa Jornada\u201d, Sergio Ocampo Arista, al concluir un acto de la presidenta Claudia Sheinbaum en Chilpancingo.<\/p>\n\n\n\n<p>Sergio Ocampo relat\u00f3 &nbsp;que \u00abal concluir el acto, despu\u00e9s de permanecer unas tres horas en el lugar donde se ubic\u00f3 a los representantes de los medios locales y nacionales, varios reporteros nos trasladamos a una de las salidas; al llegar a la valla, un compa\u00f1ero periodista, del diario \u201cEl Sur\u201d, me dijo: \u2018Don Sergio, no permiten salir\u2019 y quiso saltarse.<\/p>\n\n\n\n<p>\u00abEntonces dije a uno de los responsables de la log\u00edstica de Presidencia: \u2018ya se fue la presidenta\u2019, con el objetivo de que nos dejara salir; &nbsp;hubo jaloneos, que despu\u00e9s pasaron a los golpes; posteriormente el individuo me lanz\u00f3 una silla, que me peg\u00f3 en el p\u00f3mulo derecho, sin mayores consecuencias\u201d.<\/p>\n\n\n\n<p>La Presidencia de la Rep\u00fablica inform\u00f3 en un comunicado que \u00abtras conocerse lo ocurrido en el acto p\u00fablico de esta tarde en Chilpancingo, Guerrero, esta Coordinaci\u00f3n (de Comunicaci\u00f3n Social) se puso en contacto con el reportero Sergio Ocampo, a quien se le ofreci\u00f3 una disculpa.<\/p>\n\n\n\n<p>\u00abLa persona involucrada en estos hechos ha sido suspendida en tanto se completan las investigaciones de lo ocurrido y se tomar\u00e1n las medidas necesarias en consecuencia.<\/p>\n\n\n\n<p>\u00abEsta Coordinaci\u00f3n General de Comunicaci\u00f3n Social y Vocer\u00eda del Gobierno de la Rep\u00fablica reafirma el respeto a las y los integrantes de los medios de comunicaci\u00f3n y garantiza su labor period\u00edstica en todo momento\u00bb, agreg\u00f3 la Presidencia.<\/p>\n\n\n\n<p>En tanto, el gobierno de Guerrero indic\u00f3 que \u00abreitera su respeto absoluto a la labor period\u00edstica y lamenta los hechos ocurridos esta tarde en Chilpancingo, entre un colaborador del Gobierno Federal y el periodista Sergio Ocampo Arista\u00bb, y reconoci\u00f3 \u00abla decisi\u00f3n del Gobierno Federal de separar de sus funciones al colaborador involucrado\u00bb.<\/p>\n\n\n\n<p>Reporteros del estado de Guerrero emitieron por la noche un pronunciamiento en el que condenan \u201cen\u00e9rgicamente\u201d las agresiones al corresponsal Sergio Ocampo, a la vez que pidieron a la Presidencia una investigaci\u00f3n del actuar del servidor p\u00fablico que golpe\u00f3 al periodista, a fin de que \u201cse deslinden responsabilidades\u201d.<\/p>\n\n\n\n<p>(Informaci\u00f3n de \u201cLa Jornada\u201d)<\/p>\n","protected":false},"excerpt":{"rendered":"<p>Redacci\u00f3n\/Zona Roja Cdmx. Foto: \u00abEl Sur\u00bb de Acapulco. Ciudad de M\u00e9xico, a 20 de septiembre&hellip;<\/p>\n","protected":false},"author":2,"featured_media":84878,"comment_status":"closed","ping_status":"open","sticky":false,"template":"","format":"standard","meta":{"_lmt_disableupdate":"","_lmt_disable":"","_jetpack_memberships_contains_paid_content":false,"footnotes":""},"categories":[109,47],"tags":[],"class_list":["post-84877","post","type-post","status-publish","format-standard","has-post-thumbnail","hentry","category-minuto-a-minuto","category-zona-gris"],"jetpack_featured_media_url":"https:\/\/zonaroja.com.mx\/wp-content\/uploads\/2025\/09\/Golpean-a-reportero-en-Guerrero-evento-Sheinbaum.jpg","jetpack_sharing_enabled":true,"_links":{"self":[{"href":"https:\/\/zonaroja.com.mx\/index.php?rest_route=\/wp\/v2\/posts\/84877","targetHints":{"allow":["GET"]}}],"collection":[{"href":"https:\/\/zonaroja.com.mx\/index.php?rest_route=\/wp\/v2\/posts"}],"about":[{"href":"https:\/\/zonaroja.com.mx\/index.php?rest_route=\/wp\/v2\/types\/post"}],"author":[{"embeddable":true,"href":"https:\/\/zonaroja.com.mx\/index.php?rest_route=\/wp\/v2\/users\/2"}],"replies":[{"embeddable":true,"href":"https:\/\/zonaroja.com.mx\/index.php?rest_route=%2Fwp%2Fv2%2Fcomments&post=84877"}],"version-history":[{"count":1,"href":"https:\/\/zonaroja.com.mx\/index.php?rest_route=\/wp\/v2\/posts\/84877\/revisions"}],"predecessor-version":[{"id":84879,"href":"https:\/\/zonaroja.com.mx\/index.php?rest_route=\/wp\/v2\/posts\/84877\/revisions\/84879"}],"wp:featuredmedia":[{"embeddable":true,"href":"https:\/\/zonaroja.com.mx\/index.php?rest_route=\/wp\/v2\/media\/84878"}],"wp:attachment":[{"href":"https:\/\/zonaroja.com.mx\/index.php?rest_route=%2Fwp%2Fv2%2Fmedia&parent=84877"}],"wp:term":[{"taxonomy":"category","embeddable":true,"href":"https:\/\/zonaroja.com.mx\/index.php?rest_route=%2Fwp%2Fv2%2Fcategories&post=84877"},{"taxonomy":"post_tag","embeddable":true,"href":"https:\/\/zonaroja.com.mx\/index.php?rest_route=%2Fwp%2Fv2%2Ftags&post=84877"}],"curies":[{"name":"wp","href":"https:\/\/api.w.org\/{rel}","templated":true}]}}