{"id":84880,"date":"2025-09-20T14:00:00","date_gmt":"2025-09-20T20:00:00","guid":{"rendered":"https:\/\/zonaroja.com.mx\/?p=84880"},"modified":"2025-09-20T08:10:51","modified_gmt":"2025-09-20T14:10:51","slug":"fortalece-oaxaca-su-desarrollo-turistico-con-el-plan-mexico","status":"publish","type":"post","link":"https:\/\/zonaroja.com.mx\/?p=84880","title":{"rendered":"Fortalece Oaxaca su desarrollo tur\u00edstico con el Plan M\u00e9xico"},"content":{"rendered":"\n<p>Redacci\u00f3n\/Zona Roja.<\/p>\n\n\n\n<p>Oaxaca, Oax., a 20 de septiembre de 2025.- El gobierno de Oaxaca se suma a la implementaci\u00f3n del Programa Sectorial de Turismo 2025-2030 (Prosectur), alineado al Plan M\u00e9xico y al Plan Nacional de Desarrollo, para orientar a este sector hacia la justicia social y llevar bienestar a las comunidades.<\/p>\n\n\n\n<p>La titular de la Secretar\u00eda de Turismo (Sectur), Saymi Pineda Velasco destac\u00f3 que Oaxaca forma parte de estos esfuerzos encabezados por la Presidenta Claudia Sheinbaum Pardo, quien busca posicionar a M\u00e9xico como el quinto pa\u00eds m\u00e1s visitado del mundo.<\/p>\n\n\n\n<p>En una reuni\u00f3n virtual con el director general de Planeaci\u00f3n de la Sectur M\u00e9xico Rodrigo Cerda Cornejo, se abordaron las metas generales y espec\u00edficas del Plan M\u00e9xico, para fortalecer a la actividad tur\u00edstica como una herramienta que mejore la calidad de vida de las comunidades, impulsando la inclusi\u00f3n y sostenibilidad.<\/p>\n\n\n\n<p>La funcionaria resalt\u00f3 que el Gobierno de la Primavera Oaxaque\u00f1a trabaja constantemente para mejorar la vocaci\u00f3n tur\u00edstica de las ocho regiones del estado y consolidar a Oaxaca como una entidad l\u00edder en turismo a nivel nacional e internacional.<\/p>\n\n\n\n<p>El Programa Sectorial de Turismo 2025-2030, alineado al Plan M\u00e9xico, est\u00e1 encaminado a fortalecer la competitividad tur\u00edstica del pa\u00eds, impulsar el bienestar social y promover un turismo que protege el patrimonio cultural y natural.<\/p>\n\n\n\n<p>ENTREGA DISTINTIVOS<\/p>\n\n\n\n<p>La Secretar\u00eda de Turismo del Estado (Sectur) Oaxaca, entreg\u00f3 61 certificaciones a personas prestadoras de servicios tur\u00edsticos, reafirmando su compromiso con la calidad, la profesionalizaci\u00f3n y la competitividad del sector.<\/p>\n\n\n\n<p>En representaci\u00f3n de la titular de la Sectur Oaxaca, Saymi Pineda Velasco; el subsecretario de Desarrollo Tur\u00edstico, Jos\u00e9 Hern\u00e1ndez C\u00e1rdenas encabez\u00f3 la entrega de 53 c\u00e9dulas del Registro Nacional de Turismo (RNT), seis credenciales de gu\u00edas de turistas y dos distintivos de calidad H.<\/p>\n\n\n\n<p>Ante representantes de c\u00e1maras tur\u00edsticas, subray\u00f3 que este logro reconoce el esfuerzo de quienes trabajan d\u00eda a d\u00eda para ofrecer experiencias seguras y de alto nivel, y que adem\u00e1s fortalece las econom\u00edas locales, generando bienestar y oportunidades para las comunidades.&nbsp;<\/p>\n\n\n\n<p>Cabe destacar que los reconocimientos de calidad y buenas pr\u00e1cticas los otorga la Sectur federal y el Registro Nacional de Turismo (RNT) es el cat\u00e1logo donde se inscriben e identifican todos los prestadores de servicios tur\u00edsticos del pa\u00eds para su regulaci\u00f3n y difusi\u00f3n.<\/p>\n","protected":false},"excerpt":{"rendered":"<p>Redacci\u00f3n\/Zona Roja. Oaxaca, Oax., a 20 de septiembre de 2025.- El gobierno de Oaxaca se&hellip;<\/p>\n","protected":false},"author":2,"featured_media":79427,"comment_status":"closed","ping_status":"open","sticky":false,"template":"","format":"standard","meta":{"_lmt_disableupdate":"","_lmt_disable":"","_jetpack_memberships_contains_paid_content":false,"footnotes":""},"categories":[109,46],"tags":[2714,1031],"class_list":["post-84880","post","type-post","status-publish","format-standard","has-post-thumbnail","hentry","category-minuto-a-minuto","category-zona-blanca","tag-saymi-pineda-velasco","tag-secretaria-de-turismo-oaxaca"],"jetpack_featured_media_url":"https:\/\/zonaroja.com.mx\/wp-content\/uploads\/2025\/04\/Saymi-Pineda.jpg","jetpack_sharing_enabled":true,"_links":{"self":[{"href":"https:\/\/zonaroja.com.mx\/index.php?rest_route=\/wp\/v2\/posts\/84880","targetHints":{"allow":["GET"]}}],"collection":[{"href":"https:\/\/zonaroja.com.mx\/index.php?rest_route=\/wp\/v2\/posts"}],"about":[{"href":"https:\/\/zonaroja.com.mx\/index.php?rest_route=\/wp\/v2\/types\/post"}],"author":[{"embeddable":true,"href":"https:\/\/zonaroja.com.mx\/index.php?rest_route=\/wp\/v2\/users\/2"}],"replies":[{"embeddable":true,"href":"https:\/\/zonaroja.com.mx\/index.php?rest_route=%2Fwp%2Fv2%2Fcomments&post=84880"}],"version-history":[{"count":1,"href":"https:\/\/zonaroja.com.mx\/index.php?rest_route=\/wp\/v2\/posts\/84880\/revisions"}],"predecessor-version":[{"id":84881,"href":"https:\/\/zonaroja.com.mx\/index.php?rest_route=\/wp\/v2\/posts\/84880\/revisions\/84881"}],"wp:featuredmedia":[{"embeddable":true,"href":"https:\/\/zonaroja.com.mx\/index.php?rest_route=\/wp\/v2\/media\/79427"}],"wp:attachment":[{"href":"https:\/\/zonaroja.com.mx\/index.php?rest_route=%2Fwp%2Fv2%2Fmedia&parent=84880"}],"wp:term":[{"taxonomy":"category","embeddable":true,"href":"https:\/\/zonaroja.com.mx\/index.php?rest_route=%2Fwp%2Fv2%2Fcategories&post=84880"},{"taxonomy":"post_tag","embeddable":true,"href":"https:\/\/zonaroja.com.mx\/index.php?rest_route=%2Fwp%2Fv2%2Ftags&post=84880"}],"curies":[{"name":"wp","href":"https:\/\/api.w.org\/{rel}","templated":true}]}}