{"id":84882,"date":"2025-09-20T12:11:00","date_gmt":"2025-09-20T18:11:00","guid":{"rendered":"https:\/\/zonaroja.com.mx\/?p=84882"},"modified":"2025-09-20T08:15:38","modified_gmt":"2025-09-20T14:15:38","slug":"cumple-un-mes-estallamiento-de-conflicto-entre-yolotepec-y-yosondua","status":"publish","type":"post","link":"https:\/\/zonaroja.com.mx\/?p=84882","title":{"rendered":"Cumple un mes estallamiento de conflicto entre Yolotepec y Yosond\u00faa"},"content":{"rendered":"\n<p>Lisbeth Mej\u00eda Reyes\/Zona Roja.<\/p>\n\n\n\n<p>Oaxaca, Oax., a 20 de septiembre de 2025.- A un mes del estallamiento del conflicto agrario entre Santa Mar\u00eda Yolotepec y Santiago Yosond\u00faa, persisten los da\u00f1os materiales para ambas comunidades de la regi\u00f3n Mixteca de Oaxaca. Tambi\u00e9n persiste el desplazamiento de 225 personas de la agencia Buenavista, Yosond\u00faa, quienes se han refugiado en el ayuntamiento y algunas de las cuales viajaron recientemente a la Ciudad de M\u00e9xico para solicitar la intervenci\u00f3n de la presidenta Claudia Sheinbaum Pardo.<\/p>\n\n\n\n<p>Con el acompa\u00f1amiento de la Defensor\u00eda Popular Ricardo Flores Mag\u00f3n, que coordina Felipe Canseco Ruiz, tambi\u00e9n acudieron ante el ministro presidente de la Suprema Corte de Justicia de la Naci\u00f3n, Hugo Aguilar, para pedir su intervenci\u00f3n en la soluci\u00f3n del conflicto y conseguir el retorno seguro a sus hogares.<\/p>\n\n\n\n<p>De acuerdo con las familias desplazadas, el gobierno de Oaxaca ha mostrado indiferencia ante sus exigencias de justicia y de reparaci\u00f3n de da\u00f1o a ra\u00edz de las agresiones por parte de Yolotepec.<\/p>\n\n\n\n<p>En medio del conflicto, la Secretar\u00eda de Gobierno de Oaxaca ha se\u00f1alado que hay un \u00abaprovechamiento pol\u00edtico-partidario\u00bb del mismo, a ra\u00edz de los pronunciamientos de legisladores del Partido del Trabajo.<\/p>\n\n\n\n<p>Las acusaciones entre ambas comunidades tambi\u00e9n se mantienen al responsabilizar una a la otra de los da\u00f1os generados desde el 18 de agosto.<\/p>\n\n\n\n<p>Al cumplirse un mes, el Comisariado de Bienes Comunales, autoridades municipales y el pueblo de Santa Mar\u00eda Yolotepec, publicaron un nuevo pronunciamiento en el que reiteran que el 18 de agosto el problema escal\u00f3 porque presuntamente \u00ab400 personas comandadas por la presidenta del Comisariado de Bienes Comunales y la s\u00edndica municipal de Santiago Yosond\u00faa\u00bb se encontraban \u00aben el paraje conocido como el portillo, destruyendo una casa y arrancando la milpa y arboles forestales de Santa Mar\u00eda Yolotepec, acci\u00f3n que termin\u00f3 en p\u00e9rdidas materiales para ambas comunidades\u00bb.<\/p>\n\n\n\n<p>De acuerdo con Yolotepec, durante varios a\u00f1os ambas comunidades mantuvieron \u00abun juicio agrario por restituci\u00f3n de tierras, el cual tuvo varias resoluciones, todas a favor de Santa Mar\u00eda Yolotepec\u00bb y por lo cual este municipio es \u00ableg\u00edtimo due\u00f1o de la superficie en las que est\u00e1n asentadas las comunidades de Buena Vista y Chicava\u00bb.<\/p>\n\n\n\n<p>En el documento, Yolotepec tambi\u00e9n dice reconocer los amparos 1526\/2014 \u0443 1547\/2014. Sin embargo, agrega que estos \u00abamparos en ning\u00fan momento manifiestan que la superficie en cuesti\u00f3n pertenece a las comunidades de Chicava y Buena Vista, solo los protege cuando el Tribunal Unitario Agrario ordene la ejecuci\u00f3n de la sentencia, situaci\u00f3n que hasta el momento no se ha dado, tampoco los protege para que sigan invadiendo m\u00e1s territorio\u00bb.<\/p>\n","protected":false},"excerpt":{"rendered":"<p>Lisbeth Mej\u00eda Reyes\/Zona Roja. Oaxaca, Oax., a 20 de septiembre de 2025.- A un mes&hellip;<\/p>\n","protected":false},"author":2,"featured_media":84883,"comment_status":"closed","ping_status":"open","sticky":false,"template":"","format":"standard","meta":{"_lmt_disableupdate":"","_lmt_disable":"","_jetpack_memberships_contains_paid_content":false,"footnotes":""},"categories":[109,47],"tags":[4412,3925],"class_list":["post-84882","post","type-post","status-publish","format-standard","has-post-thumbnail","hentry","category-minuto-a-minuto","category-zona-gris","tag-santa-maria-yolotepec","tag-santiago-yosondua"],"jetpack_featured_media_url":"https:\/\/zonaroja.com.mx\/wp-content\/uploads\/2025\/09\/Conflicto-Yolotepec-SYosondua.jpg","jetpack_sharing_enabled":true,"_links":{"self":[{"href":"https:\/\/zonaroja.com.mx\/index.php?rest_route=\/wp\/v2\/posts\/84882","targetHints":{"allow":["GET"]}}],"collection":[{"href":"https:\/\/zonaroja.com.mx\/index.php?rest_route=\/wp\/v2\/posts"}],"about":[{"href":"https:\/\/zonaroja.com.mx\/index.php?rest_route=\/wp\/v2\/types\/post"}],"author":[{"embeddable":true,"href":"https:\/\/zonaroja.com.mx\/index.php?rest_route=\/wp\/v2\/users\/2"}],"replies":[{"embeddable":true,"href":"https:\/\/zonaroja.com.mx\/index.php?rest_route=%2Fwp%2Fv2%2Fcomments&post=84882"}],"version-history":[{"count":1,"href":"https:\/\/zonaroja.com.mx\/index.php?rest_route=\/wp\/v2\/posts\/84882\/revisions"}],"predecessor-version":[{"id":84884,"href":"https:\/\/zonaroja.com.mx\/index.php?rest_route=\/wp\/v2\/posts\/84882\/revisions\/84884"}],"wp:featuredmedia":[{"embeddable":true,"href":"https:\/\/zonaroja.com.mx\/index.php?rest_route=\/wp\/v2\/media\/84883"}],"wp:attachment":[{"href":"https:\/\/zonaroja.com.mx\/index.php?rest_route=%2Fwp%2Fv2%2Fmedia&parent=84882"}],"wp:term":[{"taxonomy":"category","embeddable":true,"href":"https:\/\/zonaroja.com.mx\/index.php?rest_route=%2Fwp%2Fv2%2Fcategories&post=84882"},{"taxonomy":"post_tag","embeddable":true,"href":"https:\/\/zonaroja.com.mx\/index.php?rest_route=%2Fwp%2Fv2%2Ftags&post=84882"}],"curies":[{"name":"wp","href":"https:\/\/api.w.org\/{rel}","templated":true}]}}