{"id":84885,"date":"2025-09-20T16:15:00","date_gmt":"2025-09-20T22:15:00","guid":{"rendered":"https:\/\/zonaroja.com.mx\/?p=84885"},"modified":"2025-09-20T08:16:36","modified_gmt":"2025-09-20T14:16:36","slug":"congreso-de-oaxaca-presenta-manual-de-lenguaje-incluyente-y-no-sexista","status":"publish","type":"post","link":"https:\/\/zonaroja.com.mx\/?p=84885","title":{"rendered":"Congreso de Oaxaca presenta Manual de Lenguaje Incluyente y No Sexista"},"content":{"rendered":"\n<p>Redacci\u00f3n\/Zona Roja.<\/p>\n\n\n\n<p>Oaxaca, Oax., a 20 de septiembre de 2025.- La 66 Legislatura del Congreso del Estado present\u00f3 oficialmente el Manual de Lenguaje Incluyente y No Sexista, una herramienta t\u00e9cnica, simb\u00f3lica y pedag\u00f3gica que orienta la producci\u00f3n legislativa, administrativa y comunicacional hacia el respeto irrestricto de los derechos humanos, la igualdad sustantiva y la dignidad de todas las personas.<\/p>\n\n\n\n<p>Este nace del reconocimiento de que el lenguaje no es neutro: construye realidades, legitima estructuras y puede perpetuar exclusiones. Por ello, el Congreso asume el compromiso de revisar y transformar sus pr\u00e1cticas discursivas, reconociendo que la palabra p\u00fablica debe reflejar la pluralidad de identidades, experiencias y formas de nombrarse que coexisten en la sociedad.<\/p>\n\n\n\n<p>En el documento se detalla que su aplicaci\u00f3n transversal busca fortalecer la legitimidad institucional, blindar la memoria colectiva y consolidar una cultura legislativa incluyente, libre de estereotipos, discriminaci\u00f3n y androcentrismo.<\/p>\n\n\n\n<p>En el acto protocolario, con la representaci\u00f3n del presidente de la Junta de Coordinaci\u00f3n Pol\u00edtica (Jucopo) diputado Benjam\u00edn Viveros Montalvo, la legisladora Elisa Zepeda Lagunas del partido Morena, destac\u00f3 que este instrumento representa un compromiso \u00e9tico y pol\u00edtico del Poder Legislativo, pues el lenguaje no solo describe la realidad, sino que tambi\u00e9n la transforma, por lo que el Manual debe asumirse como una gu\u00eda viva y de aplicaci\u00f3n diaria en iniciativas, dict\u00e1menes y acuerdos parlamentarios.<\/p>\n\n\n\n<p>Mencion\u00f3 que este, es el resultado de la lucha de las mujeres que comprendieron que el mundo puede cambiar a trav\u00e9s de la comunicaci\u00f3n, de ah\u00ed que, cada palabra utilizada desde este \u00f3rgano debe contribuir a construir respeto, igualdad y participaci\u00f3n plena para todas y todos.<\/p>\n\n\n\n<p>Por su parte, la diputada Elvia Gabriela P\u00e9rez L\u00f3pez del Partido Verde Ecologista de M\u00e9xico (PVEM) enfatiz\u00f3 que dicho instrumento busca visibilizar a mujeres, pueblos originarios y personas con discapacidad, evitando expresiones sexistas o jer\u00e1rquicas.<\/p>\n\n\n\n<p>Tambi\u00e9n establece lineamientos claros para su aplicaci\u00f3n en documentos oficiales, convocatorias, informes, materiales gr\u00e1ficos y en la comunicaci\u00f3n digital del Congreso, con mecanismos de observancia y evaluaci\u00f3n permanentes.<\/p>\n\n\n\n<p>Durante su intervenci\u00f3n, la diputada Irma Pineda Santiago del Partido de Trabajo (PT) reconoci\u00f3 que transformar el lenguaje es clave para eliminar barreras culturales que mantienen a las mujeres en desventaja o subordinaci\u00f3n ante los hombres.<\/p>\n\n\n\n<p>Subray\u00f3 que estos cambios permiten avanzar en el objetivo de materializar la igualdad sustantiva y eliminar la violencia de g\u00e9nero.<\/p>\n\n\n\n<p>El evento tambi\u00e9n cont\u00f3 con la participaci\u00f3n de la titular de la Secretar\u00eda Ejecutiva del Sistema Nacional de Protecci\u00f3n Integral de Ni\u00f1as, Ni\u00f1os y Adolescencia (SE Sipinna), Lorena Villavicencio Ayala quien resalt\u00f3 que esta acci\u00f3n representa un paso fundamental hacia una sociedad m\u00e1s democr\u00e1tica e incluyente, recordando que la inclusi\u00f3n debe abarcar no solo a las mujeres, sino tambi\u00e9n a infancias y comunidades ind\u00edgenas.<\/p>\n\n\n\n<p>A su vez, la titular de la Secretar\u00eda Ejecutiva del Sistema Local de Protecci\u00f3n Integral de los Derechos de Ni\u00f1as, Ni\u00f1os y Adolescentes (SE Sipinna), Alma Deysi Bautista Ramos llam\u00f3 a reforzar la participaci\u00f3n de la ni\u00f1ez y adolescentes en los procesos legislativos, proponiendo cambios en la forma de referirse a esta poblaci\u00f3n en el discurso p\u00fablico para evitar subordinaci\u00f3n o condescendencia.<\/p>\n\n\n\n<p>Se cont\u00f3 con la asistencia de las diputadas Analy Peral Vivar, Biaani Palomec Enr\u00edquez y Mar\u00eda Francisca Antonio Santiago, as\u00ed como del diputado Dante Monta\u00f1o Montero.<\/p>\n\n\n\n<p>El Manual est\u00e1 dirigido a las personas servidoras p\u00fablicas que integran el Congreso del Estado, incluyendo diputadas, diputados, titulares de \u00e1reas t\u00e9cnicas, personal administrativo, asesores legislativos, enlaces de comunicaci\u00f3n institucional y equipos de apoyo parlamentario.<\/p>\n\n\n\n<p>Asimismo, se considera destinatario al personal de \u00f3rganos t\u00e9cnicos, unidades administrativas y centros de estudio que participan en la elaboraci\u00f3n, revisi\u00f3n, difusi\u00f3n y aplicaci\u00f3n de documentos legislativos, administrativos y comunicacionales.<\/p>\n\n\n\n<p>Se encuentra disponible de manera digital en el portal oficial del Congreso del Estado:&nbsp; https:\/\/www.congresooaxaca.gob.mx\/docs66.congresooaxaca.gob.mx\/marco_normativo\/MANUAL_DE_LENGUAJE_INCLUYENTE_Y_NO_SEXISTA.pdf.<\/p>\n","protected":false},"excerpt":{"rendered":"<p>Redacci\u00f3n\/Zona Roja. Oaxaca, Oax., a 20 de septiembre de 2025.- La 66 Legislatura del Congreso&hellip;<\/p>\n","protected":false},"author":2,"featured_media":70163,"comment_status":"closed","ping_status":"open","sticky":false,"template":"","format":"standard","meta":{"_lmt_disableupdate":"","_lmt_disable":"","_jetpack_memberships_contains_paid_content":false,"footnotes":""},"categories":[109,46],"tags":[303],"class_list":["post-84885","post","type-post","status-publish","format-standard","has-post-thumbnail","hentry","category-minuto-a-minuto","category-zona-blanca","tag-congreso-del-estado-de-oaxaca"],"jetpack_featured_media_url":"https:\/\/zonaroja.com.mx\/wp-content\/uploads\/2024\/07\/Cumple-Congreso-de-Oaxaca-201-anos-de-existencia.jpeg","jetpack_sharing_enabled":true,"_links":{"self":[{"href":"https:\/\/zonaroja.com.mx\/index.php?rest_route=\/wp\/v2\/posts\/84885","targetHints":{"allow":["GET"]}}],"collection":[{"href":"https:\/\/zonaroja.com.mx\/index.php?rest_route=\/wp\/v2\/posts"}],"about":[{"href":"https:\/\/zonaroja.com.mx\/index.php?rest_route=\/wp\/v2\/types\/post"}],"author":[{"embeddable":true,"href":"https:\/\/zonaroja.com.mx\/index.php?rest_route=\/wp\/v2\/users\/2"}],"replies":[{"embeddable":true,"href":"https:\/\/zonaroja.com.mx\/index.php?rest_route=%2Fwp%2Fv2%2Fcomments&post=84885"}],"version-history":[{"count":1,"href":"https:\/\/zonaroja.com.mx\/index.php?rest_route=\/wp\/v2\/posts\/84885\/revisions"}],"predecessor-version":[{"id":84886,"href":"https:\/\/zonaroja.com.mx\/index.php?rest_route=\/wp\/v2\/posts\/84885\/revisions\/84886"}],"wp:featuredmedia":[{"embeddable":true,"href":"https:\/\/zonaroja.com.mx\/index.php?rest_route=\/wp\/v2\/media\/70163"}],"wp:attachment":[{"href":"https:\/\/zonaroja.com.mx\/index.php?rest_route=%2Fwp%2Fv2%2Fmedia&parent=84885"}],"wp:term":[{"taxonomy":"category","embeddable":true,"href":"https:\/\/zonaroja.com.mx\/index.php?rest_route=%2Fwp%2Fv2%2Fcategories&post=84885"},{"taxonomy":"post_tag","embeddable":true,"href":"https:\/\/zonaroja.com.mx\/index.php?rest_route=%2Fwp%2Fv2%2Ftags&post=84885"}],"curies":[{"name":"wp","href":"https:\/\/api.w.org\/{rel}","templated":true}]}}