{"id":8489,"date":"2020-02-06T18:41:46","date_gmt":"2020-02-07T00:41:46","guid":{"rendered":"http:\/\/www.zonaroja.com.mx\/?p=8489"},"modified":"2020-02-06T18:41:51","modified_gmt":"2020-02-07T00:41:51","slug":"irresuelto-conflicto-yaitepec-juquila-diputados-piden-al-ejecutivo-solucion","status":"publish","type":"post","link":"https:\/\/zonaroja.com.mx\/?p=8489","title":{"rendered":"Irresuelto, conflicto Yaitepec-Juquila; diputados piden al Ejecutivo soluci\u00f3n"},"content":{"rendered":"\n<p>Redacci\u00f3n\/Zona Roja.<\/p>\n\n\n\n<p>Oaxaca de Ju\u00e1rez, Oax., 6 de febrero 2020.- No obstante que ayer\nfue retirado el en\u00e9simo bloqueo a la v\u00eda que comunica a Santa Catarina Juquila\npor parte de pobladores de Santiago Yaitepec, el Congreso de Oaxaca urgi\u00f3 al\nPoder Ejecutivo a solucionar de manera definitiva el conflicto entre ambos\nmunicipios.<\/p>\n\n\n\n<p>Este mi\u00e9rcoles, en sesi\u00f3n ordinaria, aprobaron un exhorto al gobernador\nAlejandro Murat Hinojosa para que instruya a la Secretar\u00eda General de Gobierno\na que, en el \u00e1mbito de sus atribuciones, facilite la conciliaci\u00f3n, acuerdos y\nresoluci\u00f3n del conflicto entre ambas comunidades de la zona chatina.<\/p>\n\n\n\n<p>El Punto de Acuerdo se consider\u00f3 de manera urgente, por lo que\nlos encargados de la pol\u00edtica interna del estado deben aportar lo necesario\npara mantener la paz y la conciliaci\u00f3n entre las y los habitantes de esta zona.\n<\/p>\n\n\n\n<p>La diputada, In\u00e9s Leal Pel\u00e1ez, del Partido Morena, solicit\u00f3 al mandatario\na hacer cumplir lo que mandata el Art\u00edculo 34 de la Ley Org\u00e1nica del Poder\nEjecutivo Estatal, que fija obligaciones de la Secretar\u00eda General de Gobierno,\nque a la letra dicen:<\/p>\n\n\n\n<p>\u201cSe debe cumplir con las directrices en materia de pol\u00edtica\ninterior del gobernador y conducir la pol\u00edtica interior en el estado, as\u00ed como\nfacilitar la conciliaci\u00f3n, acuerdos y resoluci\u00f3n de conflictos pol\u00edticos, y\/o\nsociales, proveyendo lo necesario, para mantener relaciones arm\u00f3nicas entre sus\nhabitantes\u201d. <\/p>\n\n\n\n<p>Especifica que tambi\u00e9n debe: \u201cConcretar acciones, y\nparticipaci\u00f3n de las dependencias y entidades del Poder Ejecutivo, con el fin\nde garantizar la gobernabilidad del estado, coadyuvando en la formulaci\u00f3n de\npropuestas, sobre planeaci\u00f3n y orientaci\u00f3n de pol\u00edticas p\u00fablicas\u201d.<\/p>\n\n\n\n<p>La legisladora manifest\u00f3 su confianza en que la soluci\u00f3n a esta\nproblem\u00e1tica se genere de manera clara e imparcial, sin que haya ninguna\ninclinaci\u00f3n pol\u00edtica, y sin afectar a la ciudadan\u00eda.<\/p>\n\n\n\n<p>Como consecuencia de este conflicto agrario, record\u00f3, se han\ngenerado una serie de manifestaciones, que han repercutido en bloqueos\ncarreteros, situaci\u00f3n que genera importantes p\u00e9rdidas econ\u00f3micas en toda esta\nzona de la sierra sur y la costa.<\/p>\n\n\n\n<p>Adem\u00e1s de considerar que la principal actividad econ\u00f3mica es el\ncomercio y servicios enfocados al turismo religioso, particularmente en el\nsantuario de la Virgen de Juquila, uno de los cinco templos m\u00e1s visitados del\npa\u00eds.<\/p>\n","protected":false},"excerpt":{"rendered":"<p>Redacci\u00f3n\/Zona Roja. Oaxaca de Ju\u00e1rez, Oax., 6 de febrero 2020.- No obstante que ayer fue&hellip;<\/p>\n","protected":false},"author":2,"featured_media":5203,"comment_status":"closed","ping_status":"open","sticky":false,"template":"","format":"standard","meta":{"_lmt_disableupdate":"","_lmt_disable":"","_jetpack_memberships_contains_paid_content":false,"footnotes":""},"categories":[109,47],"tags":[213],"class_list":["post-8489","post","type-post","status-publish","format-standard","has-post-thumbnail","hentry","category-minuto-a-minuto","category-zona-gris","tag-64-legislatura-de-oaxaca"],"jetpack_featured_media_url":"https:\/\/zonaroja.com.mx\/wp-content\/uploads\/2019\/10\/Congreso-2.jpg","jetpack_sharing_enabled":true,"_links":{"self":[{"href":"https:\/\/zonaroja.com.mx\/index.php?rest_route=\/wp\/v2\/posts\/8489","targetHints":{"allow":["GET"]}}],"collection":[{"href":"https:\/\/zonaroja.com.mx\/index.php?rest_route=\/wp\/v2\/posts"}],"about":[{"href":"https:\/\/zonaroja.com.mx\/index.php?rest_route=\/wp\/v2\/types\/post"}],"author":[{"embeddable":true,"href":"https:\/\/zonaroja.com.mx\/index.php?rest_route=\/wp\/v2\/users\/2"}],"replies":[{"embeddable":true,"href":"https:\/\/zonaroja.com.mx\/index.php?rest_route=%2Fwp%2Fv2%2Fcomments&post=8489"}],"version-history":[{"count":1,"href":"https:\/\/zonaroja.com.mx\/index.php?rest_route=\/wp\/v2\/posts\/8489\/revisions"}],"predecessor-version":[{"id":8490,"href":"https:\/\/zonaroja.com.mx\/index.php?rest_route=\/wp\/v2\/posts\/8489\/revisions\/8490"}],"wp:featuredmedia":[{"embeddable":true,"href":"https:\/\/zonaroja.com.mx\/index.php?rest_route=\/wp\/v2\/media\/5203"}],"wp:attachment":[{"href":"https:\/\/zonaroja.com.mx\/index.php?rest_route=%2Fwp%2Fv2%2Fmedia&parent=8489"}],"wp:term":[{"taxonomy":"category","embeddable":true,"href":"https:\/\/zonaroja.com.mx\/index.php?rest_route=%2Fwp%2Fv2%2Fcategories&post=8489"},{"taxonomy":"post_tag","embeddable":true,"href":"https:\/\/zonaroja.com.mx\/index.php?rest_route=%2Fwp%2Fv2%2Ftags&post=8489"}],"curies":[{"name":"wp","href":"https:\/\/api.w.org\/{rel}","templated":true}]}}