{"id":84897,"date":"2025-09-21T08:45:00","date_gmt":"2025-09-21T14:45:00","guid":{"rendered":"https:\/\/zonaroja.com.mx\/?p=84897"},"modified":"2025-09-21T06:53:39","modified_gmt":"2025-09-21T12:53:39","slug":"recrudece-violencia-en-miahuatlan-dos-asesinados-y-un-heridos","status":"publish","type":"post","link":"https:\/\/zonaroja.com.mx\/?p=84897","title":{"rendered":"Recrudece violencia en Miahuatl\u00e1n: dos asesinados y un heridos"},"content":{"rendered":"\n<p>Ismael Garc\u00eda M.\/Zona Roja. Foto: Ojo de Agua Comunicaci\u00f3n.<\/p>\n\n\n\n<p>Oaxaca, Oax., a 21 de septiembre de 2025.- En menos de una semana, en Miahuatl\u00e1n de Porfirio D\u00edaz se han registrado tres ataques armados, con saldo de dos personas asesinadas y una lesionada de gravedad.<\/p>\n\n\n\n<p>El m\u00e1s reciente hecho ocurri\u00f3 ayer por la tarde en un local de venta de carne ubicado en la calle 16 de Septiembre, en el centro de dicho municipio de la regi\u00f3n Sierra Sur de Oaxaca.<\/p>\n\n\n\n<p>Sujetos armados arribaron y ejecutaron a un individuo y tras lo cual huyeron, sin que hubiera polic\u00edas municipales en la zona para iniciar la persecuci\u00f3n; la v\u00edctima hasta el momento no ha sido identificada.<\/p>\n\n\n\n<p>Dos d\u00edas antes, el 18 de septiembre, un joven fue ultimado a balazos en la calle Ej\u00e9rcito Nacional, cerca de la carretera federal 175.<\/p>\n\n\n\n<p>El hoy occiso circulaba a bordo de su camioneta cuando fue agredido a balazos por sujetos armados que tambi\u00e9n lograron darse a la fuga; a\u00fan no hay datos precisos de la identidad de la v\u00edctima.<\/p>\n\n\n\n<p>Y el d\u00eda 16 de septiembre por la noche, apenas pasadas las fiestas patrias, se registr\u00f3 otro ataque armado, en contra de una persona adulta, cuando se encontraba en su local comercial en la calle 3 de Octubre, en el centro de Miahuatl\u00e1n.<\/p>\n\n\n\n<p>El hombre fue trasladado a un hospital, donde a\u00fan convalece, y en este caso tampoco hubo detenciones.<\/p>\n\n\n\n<p>En el mandato del edil morenista C\u00e9sar Figueroa, conocido como \u201cEl Chivo\u201d, la violencia se ha recrudecido sin que el ayuntamiento tome medidas suficientes para proteger a la poblaci\u00f3n.<\/p>\n\n\n\n<p>Los habitantes exigen mayor seguridad debido a que se acercan las fiestas, a inicios de octubre, con lo cual se concentra un mayor n\u00famero de personas y visitantes.<\/p>\n","protected":false},"excerpt":{"rendered":"<p>Ismael Garc\u00eda M.\/Zona Roja. Foto: Ojo de Agua Comunicaci\u00f3n. Oaxaca, Oax., a 21 de septiembre&hellip;<\/p>\n","protected":false},"author":2,"featured_media":84892,"comment_status":"closed","ping_status":"open","sticky":false,"template":"","format":"standard","meta":{"_lmt_disableupdate":"","_lmt_disable":"","_jetpack_memberships_contains_paid_content":false,"footnotes":""},"categories":[109,51],"tags":[169],"class_list":["post-84897","post","type-post","status-publish","format-standard","has-post-thumbnail","hentry","category-minuto-a-minuto","category-zona-roja","tag-miahuatlan-de-porfirio-diaz"],"jetpack_featured_media_url":"https:\/\/zonaroja.com.mx\/wp-content\/uploads\/2025\/09\/Asesinado-Miahuatlan.jpg","jetpack_sharing_enabled":true,"_links":{"self":[{"href":"https:\/\/zonaroja.com.mx\/index.php?rest_route=\/wp\/v2\/posts\/84897","targetHints":{"allow":["GET"]}}],"collection":[{"href":"https:\/\/zonaroja.com.mx\/index.php?rest_route=\/wp\/v2\/posts"}],"about":[{"href":"https:\/\/zonaroja.com.mx\/index.php?rest_route=\/wp\/v2\/types\/post"}],"author":[{"embeddable":true,"href":"https:\/\/zonaroja.com.mx\/index.php?rest_route=\/wp\/v2\/users\/2"}],"replies":[{"embeddable":true,"href":"https:\/\/zonaroja.com.mx\/index.php?rest_route=%2Fwp%2Fv2%2Fcomments&post=84897"}],"version-history":[{"count":1,"href":"https:\/\/zonaroja.com.mx\/index.php?rest_route=\/wp\/v2\/posts\/84897\/revisions"}],"predecessor-version":[{"id":84898,"href":"https:\/\/zonaroja.com.mx\/index.php?rest_route=\/wp\/v2\/posts\/84897\/revisions\/84898"}],"wp:featuredmedia":[{"embeddable":true,"href":"https:\/\/zonaroja.com.mx\/index.php?rest_route=\/wp\/v2\/media\/84892"}],"wp:attachment":[{"href":"https:\/\/zonaroja.com.mx\/index.php?rest_route=%2Fwp%2Fv2%2Fmedia&parent=84897"}],"wp:term":[{"taxonomy":"category","embeddable":true,"href":"https:\/\/zonaroja.com.mx\/index.php?rest_route=%2Fwp%2Fv2%2Fcategories&post=84897"},{"taxonomy":"post_tag","embeddable":true,"href":"https:\/\/zonaroja.com.mx\/index.php?rest_route=%2Fwp%2Fv2%2Ftags&post=84897"}],"curies":[{"name":"wp","href":"https:\/\/api.w.org\/{rel}","templated":true}]}}