{"id":84906,"date":"2025-09-21T17:30:00","date_gmt":"2025-09-21T23:30:00","guid":{"rendered":"https:\/\/zonaroja.com.mx\/?p=84906"},"modified":"2025-09-21T18:13:53","modified_gmt":"2025-09-22T00:13:53","slug":"piden-ayuda-para-menor-lesionada-por-arma-de-fuego-en-yetla-de-juarez-tonala","status":"publish","type":"post","link":"https:\/\/zonaroja.com.mx\/?p=84906","title":{"rendered":"Piden ayuda para menor lesionada por arma de fuego en Yetla de Ju\u00e1rez, Tonal\u00e1\u00a0"},"content":{"rendered":"\n<p>Lisbeth Mej\u00eda Reyes\/Zona Roja.<\/p>\n\n\n\n<p>Oaxaca, Oax., a 21 de septiembre de 2025.- La familia Ponce Romero y la comunidad de Yetla de Ju\u00e1rez, agencia de Santo Domingo Tonal\u00e1, comenzaron una campa\u00f1a de recaudaci\u00f3n de fondos para cubrir los gastos de cirug\u00eda y hospitalizaci\u00f3n de Isaribi, la menor lesionada el pasado 15 de septiembre, tras la ceremonia del Grito de Independencia en esa comunidad de la regi\u00f3n Mixteca de Oaxaca.<\/p>\n\n\n\n<p>Con rifas, caja de donativos en al menos tres establecimientos de la poblaci\u00f3n y una campa\u00f1a en la plataforma Gofundme, conf\u00edan en la solidaridad ciudadana para ayudar a la menor de 11 a\u00f1os de edad, quien perdi\u00f3 a su madre y abuela a causa de los disparos, presumiblemente por balsa perdidas.<\/p>\n\n\n\n<p>De acuerdo con los reportes, el pasado 15 de septiembre, al regresar a su domicilio, las tres mujeres fueron lesionadas por armas de fuego, presuntamente por disparos al aire.&nbsp;<\/p>\n\n\n\n<p>Santa P. R., de 33 a\u00f1os, y Rosa Usbelia R. R., de 59 a\u00f1os, perdieron la vida a causa de las lesiones, mientras que Isaribi se encuentra hospitalizada en Huajuapan de Le\u00f3n.<\/p>\n\n\n\n<p>Por este hecho, la comunidad de Yetla ha exigido justicia y castigo a los responsables.<\/p>\n\n\n\n<p>Con las muertes de Santa y Rosa, adem\u00e1s de una adolescente (Diana E. C.) en Jalapa del Marqu\u00e9s, y de Lourdes C. V. (en Salina Cruz) son 64 las mujeres asesinadas de manera violenta en lo que va del a\u00f1o en Oaxaca (1 de enero al 19 de septiembre), de acuerdo con el Observatorio de Feminicidio del Grupo de Estudios sobre la Mujer Rosario Castellanos (GES Mujer).<\/p>\n\n\n\n<p>En la regi\u00f3n Mixteca, donde perdieron la vida Rosa y Santa, la organizaci\u00f3n Consorcio reporta que son cuatro las mujeres asesinadas en este a\u00f1o.<\/p>\n","protected":false},"excerpt":{"rendered":"<p>Lisbeth Mej\u00eda Reyes\/Zona Roja. Oaxaca, Oax., a 21 de septiembre de 2025.- La familia Ponce&hellip;<\/p>\n","protected":false},"author":2,"featured_media":84894,"comment_status":"closed","ping_status":"open","sticky":false,"template":"","format":"standard","meta":{"_lmt_disableupdate":"","_lmt_disable":"","_jetpack_memberships_contains_paid_content":false,"footnotes":""},"categories":[109,47],"tags":[4454],"class_list":["post-84906","post","type-post","status-publish","format-standard","has-post-thumbnail","hentry","category-minuto-a-minuto","category-zona-gris","tag-yetla-de-juarez"],"jetpack_featured_media_url":"https:\/\/zonaroja.com.mx\/wp-content\/uploads\/2025\/09\/Piden-ayuda-mujeres-asesinadas-y-lesionada-Yetla-Tonala.jpg","jetpack_sharing_enabled":true,"_links":{"self":[{"href":"https:\/\/zonaroja.com.mx\/index.php?rest_route=\/wp\/v2\/posts\/84906","targetHints":{"allow":["GET"]}}],"collection":[{"href":"https:\/\/zonaroja.com.mx\/index.php?rest_route=\/wp\/v2\/posts"}],"about":[{"href":"https:\/\/zonaroja.com.mx\/index.php?rest_route=\/wp\/v2\/types\/post"}],"author":[{"embeddable":true,"href":"https:\/\/zonaroja.com.mx\/index.php?rest_route=\/wp\/v2\/users\/2"}],"replies":[{"embeddable":true,"href":"https:\/\/zonaroja.com.mx\/index.php?rest_route=%2Fwp%2Fv2%2Fcomments&post=84906"}],"version-history":[{"count":1,"href":"https:\/\/zonaroja.com.mx\/index.php?rest_route=\/wp\/v2\/posts\/84906\/revisions"}],"predecessor-version":[{"id":84907,"href":"https:\/\/zonaroja.com.mx\/index.php?rest_route=\/wp\/v2\/posts\/84906\/revisions\/84907"}],"wp:featuredmedia":[{"embeddable":true,"href":"https:\/\/zonaroja.com.mx\/index.php?rest_route=\/wp\/v2\/media\/84894"}],"wp:attachment":[{"href":"https:\/\/zonaroja.com.mx\/index.php?rest_route=%2Fwp%2Fv2%2Fmedia&parent=84906"}],"wp:term":[{"taxonomy":"category","embeddable":true,"href":"https:\/\/zonaroja.com.mx\/index.php?rest_route=%2Fwp%2Fv2%2Fcategories&post=84906"},{"taxonomy":"post_tag","embeddable":true,"href":"https:\/\/zonaroja.com.mx\/index.php?rest_route=%2Fwp%2Fv2%2Ftags&post=84906"}],"curies":[{"name":"wp","href":"https:\/\/api.w.org\/{rel}","templated":true}]}}