{"id":84912,"date":"2025-09-21T18:41:48","date_gmt":"2025-09-22T00:41:48","guid":{"rendered":"https:\/\/zonaroja.com.mx\/?p=84912"},"modified":"2025-09-21T18:41:54","modified_gmt":"2025-09-22T00:41:54","slug":"servicios-de-la-fiscalia-general-llegan-a-santa-rosa-panzacola","status":"publish","type":"post","link":"https:\/\/zonaroja.com.mx\/?p=84912","title":{"rendered":"Servicios de la Fiscal\u00eda General llegan a Santa Rosa Panzacola"},"content":{"rendered":"\n<p>Redacci\u00f3n\/Zona Roja.&nbsp;<\/p>\n\n\n\n<p>Oaxaca, Oax., a 21 de septiembre&nbsp; de 2025.- La Fiscal\u00eda General del Estado de Oaxaca (FGEO), en coordinaci\u00f3n con autoridades estatales, municipales de Oaxaca de Ju\u00e1rez y representantes de la sociedad civil, realiz\u00f3 el programa de proximidad social \u201cFiscal\u00eda en tu comunidad llega a tu colonia\u201d, en la agencia municipal de Santa Rosa Panzacola.<\/p>\n\n\n\n<p>En este encuentro, desarrollado las canchas deportivas de la colonia Bugambilias, se recalc\u00f3 que el objetivo es fortalecer la seguridad, la prevenci\u00f3n del delito y la confianza de la ciudadan\u00eda.&nbsp;<\/p>\n\n\n\n<p>Durante el programa de proximidad social y en representaci\u00f3n del titular, Bernardo Rodr\u00edguez Alamilla, el Vicefiscal de Valles Centrales, Samuel Jim\u00e9nez, destac\u00f3 que la cooperaci\u00f3n interinstitucional ha permitido crear sinergias efectivas en materia de prevenci\u00f3n, atenci\u00f3n y procuraci\u00f3n de justicia, lo cual se refleja en la cercan\u00eda con la ciudadan\u00eda y en la atenci\u00f3n directa de sus necesidades.<\/p>\n\n\n\n<p>La Fiscal\u00eda General del Estado subray\u00f3 que la suma de esfuerzos con la Secretar\u00eda de Seguridad y Protecci\u00f3n Ciudadana, la Agencia Estatal de Investigaciones, la Polic\u00eda Auxiliar, el Secretariado Ejecutivo de Seguridad P\u00fablica, as\u00ed como con las autoridades municipales y los comit\u00e9s vecinales, permite generar respuestas m\u00e1s r\u00e1pidas y efectivas frente a las problem\u00e1ticas que enfrenta cada colonia y comunidad.<\/p>\n\n\n\n<p>TRABAJO CONJUNTO<\/p>\n\n\n\n<p>Por su parte, el presidente municipal de Oaxaca de Ju\u00e1rez, Ray Chagoya, resalt\u00f3 que el trabajo conjunto con el Gobierno del Estado y la Fiscal\u00eda General representa un beneficio directo para las familias, al acercar servicios, generar confianza y consolidar la atenci\u00f3n de proximidad.<\/p>\n\n\n\n<p>En este marco de Domingos en Territorio, tambi\u00e9n se llev\u00f3 a cabo Latidos Vecinales, programa que acerca talleres, din\u00e1micas recreativas y actividades de convivencia a ni\u00f1as, ni\u00f1os y familias, consolidando espacios p\u00fablicos como puntos de encuentro y fortaleciendo el tejido social.<\/p>\n\n\n\n<p>El edil de la capital destac\u00f3 la participaci\u00f3n de los Comit\u00e9s de Seguridad de Vecinos por la Paz de Oaxaca de Ju\u00e1rez, quienes con su organizaci\u00f3n comunitaria se suman a la construcci\u00f3n de entornos m\u00e1s arm\u00f3nicos y colaborativos, trabajando de la mano con las instituciones municipales y estatales.<\/p>\n\n\n\n<p>Estas acciones demuestran que en Oaxaca de Ju\u00e1rez la prioridad es el bienestar y la tranquilidad de todas y todos. La participaci\u00f3n ciudadana se convierte en motor para construir una ciudad m\u00e1s limpia, ordenada y segura, donde el gobierno act\u00faa de la mano con vecinas y vecinos para atender sus necesidades de manera directa.<\/p>\n\n\n\n<p>En el encuentro estuvieron presentes la titular del Secretariado Ejecutivo del Sistema Estatal de Seguridad P\u00fablica de Oaxaca, Karina Bar\u00f3n, as\u00ed como representantes de la Polic\u00eda Auxiliar, Bancaria, Industrial y Comercial (PABIC), de la Secretar\u00eda de Seguridad y Protecci\u00f3n Ciudadana; y el coordinador de la Agencia Estatal de Investigaciones Jaciel V\u00e1squez Castro, quienes coincidieron en que la seguridad p\u00fablica es una responsabilidad compartida entre los tres \u00f3rdenes de gobierno y la sociedad.<\/p>\n","protected":false},"excerpt":{"rendered":"<p>Redacci\u00f3n\/Zona Roja.&nbsp; Oaxaca, Oax., a 21 de septiembre&nbsp; de 2025.- La Fiscal\u00eda General del Estado&hellip;<\/p>\n","protected":false},"author":2,"featured_media":84914,"comment_status":"closed","ping_status":"open","sticky":false,"template":"","format":"standard","meta":{"_lmt_disableupdate":"","_lmt_disable":"","_jetpack_memberships_contains_paid_content":false,"footnotes":""},"categories":[109,46],"tags":[494,148],"class_list":["post-84912","post","type-post","status-publish","format-standard","has-post-thumbnail","hentry","category-minuto-a-minuto","category-zona-blanca","tag-fiscalia-general-del-estado-de-oaxaca","tag-oaxaca-de-juarez"],"jetpack_featured_media_url":"https:\/\/zonaroja.com.mx\/wp-content\/uploads\/2025\/09\/Fiscalia-en-tu-comunidad-Santa-Rosa-Panzacola-Oaxaca.jpeg","jetpack_sharing_enabled":true,"_links":{"self":[{"href":"https:\/\/zonaroja.com.mx\/index.php?rest_route=\/wp\/v2\/posts\/84912","targetHints":{"allow":["GET"]}}],"collection":[{"href":"https:\/\/zonaroja.com.mx\/index.php?rest_route=\/wp\/v2\/posts"}],"about":[{"href":"https:\/\/zonaroja.com.mx\/index.php?rest_route=\/wp\/v2\/types\/post"}],"author":[{"embeddable":true,"href":"https:\/\/zonaroja.com.mx\/index.php?rest_route=\/wp\/v2\/users\/2"}],"replies":[{"embeddable":true,"href":"https:\/\/zonaroja.com.mx\/index.php?rest_route=%2Fwp%2Fv2%2Fcomments&post=84912"}],"version-history":[{"count":1,"href":"https:\/\/zonaroja.com.mx\/index.php?rest_route=\/wp\/v2\/posts\/84912\/revisions"}],"predecessor-version":[{"id":84915,"href":"https:\/\/zonaroja.com.mx\/index.php?rest_route=\/wp\/v2\/posts\/84912\/revisions\/84915"}],"wp:featuredmedia":[{"embeddable":true,"href":"https:\/\/zonaroja.com.mx\/index.php?rest_route=\/wp\/v2\/media\/84914"}],"wp:attachment":[{"href":"https:\/\/zonaroja.com.mx\/index.php?rest_route=%2Fwp%2Fv2%2Fmedia&parent=84912"}],"wp:term":[{"taxonomy":"category","embeddable":true,"href":"https:\/\/zonaroja.com.mx\/index.php?rest_route=%2Fwp%2Fv2%2Fcategories&post=84912"},{"taxonomy":"post_tag","embeddable":true,"href":"https:\/\/zonaroja.com.mx\/index.php?rest_route=%2Fwp%2Fv2%2Ftags&post=84912"}],"curies":[{"name":"wp","href":"https:\/\/api.w.org\/{rel}","templated":true}]}}