{"id":84916,"date":"2025-09-21T19:58:03","date_gmt":"2025-09-22T01:58:03","guid":{"rendered":"https:\/\/zonaroja.com.mx\/?p=84916"},"modified":"2025-09-21T19:58:05","modified_gmt":"2025-09-22T01:58:05","slug":"ejecutan-a-elemento-de-la-guardia-nacional-en-huajuapan","status":"publish","type":"post","link":"https:\/\/zonaroja.com.mx\/?p=84916","title":{"rendered":"Ejecutan a elemento de la Guardia Nacional en Huajuapan"},"content":{"rendered":"\n<p>Ismael Garc\u00eda M.\/Zona Roja.<\/p>\n\n\n\n<p>Oaxaca, Oax., a 21 de septiembre de 2025.- Una persona del sexo masculino fue asesinada a balazos la tarde de este domingo en la genciana de El Carmen, Huajuapan de Le\u00f3n, municipio de la regi\u00f3n Mixteca.<\/p>\n\n\n\n<p>De acuerdo con los primeros informes, se trata de un elemento de la Guardia Nacional, quien fue acribillado a bordo de su camioneta, marca Toyota, color gris, en la calle Jerusal\u00e9n.<\/p>\n\n\n\n<p>Sujetos armados le dispararon de manera directa, tras lo cual huyeron con rumbo desconocido, sin que se reportaran operativos de b\u00fasqueda por parte de las corporaciones policiacas.<\/p>\n\n\n\n<p>Personal param\u00e9dico de la Cruz Roja Mexicana arrib\u00f3 al sitio para brindar los primeros auxilios, pero corrobor\u00f3 que la v\u00edctima ya no contaba con signos vitales.<\/p>\n\n\n\n<p>Peritos y agentes de investigaci\u00f3n adscritos a la Vicefiscal\u00eda Regional de la Mixteca, dependiente de la Fiscal\u00eda General del Estado de Oaxaca, contin\u00faan con las indagatorias.<\/p>\n","protected":false},"excerpt":{"rendered":"<p>Ismael Garc\u00eda M.\/Zona Roja. Oaxaca, Oax., a 21 de septiembre de 2025.- Una persona del&hellip;<\/p>\n","protected":false},"author":2,"featured_media":84913,"comment_status":"closed","ping_status":"open","sticky":false,"template":"","format":"standard","meta":{"_lmt_disableupdate":"","_lmt_disable":"","_jetpack_memberships_contains_paid_content":false,"footnotes":""},"categories":[109,51],"tags":[594],"class_list":["post-84916","post","type-post","status-publish","format-standard","has-post-thumbnail","hentry","category-minuto-a-minuto","category-zona-roja","tag-huajuapan-de-leon"],"jetpack_featured_media_url":"https:\/\/zonaroja.com.mx\/wp-content\/uploads\/2025\/09\/Ejecutado-en-Huajuapan-de-Leon.jpg","jetpack_sharing_enabled":true,"_links":{"self":[{"href":"https:\/\/zonaroja.com.mx\/index.php?rest_route=\/wp\/v2\/posts\/84916","targetHints":{"allow":["GET"]}}],"collection":[{"href":"https:\/\/zonaroja.com.mx\/index.php?rest_route=\/wp\/v2\/posts"}],"about":[{"href":"https:\/\/zonaroja.com.mx\/index.php?rest_route=\/wp\/v2\/types\/post"}],"author":[{"embeddable":true,"href":"https:\/\/zonaroja.com.mx\/index.php?rest_route=\/wp\/v2\/users\/2"}],"replies":[{"embeddable":true,"href":"https:\/\/zonaroja.com.mx\/index.php?rest_route=%2Fwp%2Fv2%2Fcomments&post=84916"}],"version-history":[{"count":1,"href":"https:\/\/zonaroja.com.mx\/index.php?rest_route=\/wp\/v2\/posts\/84916\/revisions"}],"predecessor-version":[{"id":84917,"href":"https:\/\/zonaroja.com.mx\/index.php?rest_route=\/wp\/v2\/posts\/84916\/revisions\/84917"}],"wp:featuredmedia":[{"embeddable":true,"href":"https:\/\/zonaroja.com.mx\/index.php?rest_route=\/wp\/v2\/media\/84913"}],"wp:attachment":[{"href":"https:\/\/zonaroja.com.mx\/index.php?rest_route=%2Fwp%2Fv2%2Fmedia&parent=84916"}],"wp:term":[{"taxonomy":"category","embeddable":true,"href":"https:\/\/zonaroja.com.mx\/index.php?rest_route=%2Fwp%2Fv2%2Fcategories&post=84916"},{"taxonomy":"post_tag","embeddable":true,"href":"https:\/\/zonaroja.com.mx\/index.php?rest_route=%2Fwp%2Fv2%2Ftags&post=84916"}],"curies":[{"name":"wp","href":"https:\/\/api.w.org\/{rel}","templated":true}]}}