{"id":84922,"date":"2025-09-22T08:34:23","date_gmt":"2025-09-22T14:34:23","guid":{"rendered":"https:\/\/zonaroja.com.mx\/?p=84922"},"modified":"2025-09-22T08:34:27","modified_gmt":"2025-09-22T14:34:27","slug":"a-tres-meses-sin-avances-en-investigacion-por-asesinato-de-alcaldesa-en-oaxaca","status":"publish","type":"post","link":"https:\/\/zonaroja.com.mx\/?p=84922","title":{"rendered":"A tres meses, sin avances en investigaci\u00f3n por asesinato de alcaldesa en Oaxaca"},"content":{"rendered":"\n<p>Ismael Garc\u00eda M.\/Zona Roja.<\/p>\n\n\n\n<p>Oaxaca, Oax., a 21 de septiembre de 2025.- \u201cNo es un minuto de silencio. Es la hora de decirlo fuerte, lo que fue y lo que logr\u00f3; el compromiso lo cumpli\u00f3.<\/p>\n\n\n\n<p>\u201cLe arrebataron la vida a Lilia Gemma, compa\u00f1era de las causas justas; aqu\u00ed estamos para recordarte, tambi\u00e9n para homenajearte\u201d.<\/p>\n\n\n\n<p>La melod\u00eda recorri\u00f3 el z\u00f3calo, a bordo de una bicicleta adaptada con bocinas, conducida por don Luis Jaime, primo de la alcaldesa.<\/p>\n\n\n\n<p>El de ayer no fue un estridente grito de justicia, demanda que persiste. Fue un acto cultural, pac\u00edfico, de reconocimientos a quien fuera presidenta municipal de San Mateo Pi\u00f1as, Oaxaca, y asesinada el 15 de junio pasado junto con otra persona.<\/p>\n\n\n\n<p>Alrededor del mediod\u00eda, un centenar de personas lleg\u00f3 al z\u00f3calo, frente al Palacio de Gobierno; previo a ello se instal\u00f3 una carpa y un templete para grupos musicales.<\/p>\n\n\n\n<p>De acuerdo con Norma Garc\u00eda Soto, hermana de la ex presidenta, el homenaje se hizo a quien fue ejemplo de honestidad y de trabajo.<\/p>\n\n\n\n<p>\u201cNo podemos dar informaci\u00f3n, porque podemos entorpecer la investigaci\u00f3n\u201d, respondi\u00f3 en entrevista colectiva respecto al crimen.<\/p>\n\n\n\n<p>-Sin embargo, exigen justicia; qu\u00e9 ha pasado.<\/p>\n\n\n\n<p>-Sabemos que esto es lento, pero bueno, tenemos una oportunidad de dar a conocer su obra y no dejar de mencionar que queremos justicia tambi\u00e9n.<\/p>\n\n\n\n<p>-\u00bfAlgunos familiares han sufrido intimidaciones para no seguir con las exigencias de justicia?<\/p>\n\n\n\n<p>-Hasta el momento no, esperemos que no.<\/p>\n\n\n\n<p>-\u00bfCu\u00e1n es el mensaje para los pobladores de San Mateo Pi\u00f1as?<\/p>\n\n\n\n<p>-Debe de haber honestidad; van a haber elecciones y que escojan a una persona honesta, responsable, sin antecedente penales y que no vendan su voto.<\/p>\n\n\n\n<p>LA INTERRUPCI\u00d3N<\/p>\n\n\n\n<p>De acuerdo con los oradores durante la jornada cultural, Lilia Gemma fue una mujer comprometida con las causas sociales; se distingui\u00f3 por ser una de las principales gestoras del camino artesanal hacia ese municipio del distrito de Pochutla.<\/p>\n\n\n\n<p>\u201cPor este lamentable suceso (el asesinato), le hacemos un merecido homenaje, por su trayectoria impecable en su administraci\u00f3n musical\u201d, se expuso.<\/p>\n\n\n\n<p>El joven Omar Garc\u00eda ley\u00f3 la semblanza de la ex presidenta municipal y destac\u00f3 que fue \u201cuna mujer excepcional, de esos seres que vienen una vez cada milenio a mostrarle el camino de la bondad, la integridad, la honestidad y la valent\u00eda\u201d.<\/p>\n\n\n\n<p>La soci\u00f3loga se desempe\u00f1\u00f3 en la Coordinaci\u00f3n de Intercambio Acad\u00e9mico de la UNAM por m\u00e1s de 30 a\u00f1os, tras lo cual regres\u00f3 a Oaxaca, en particular a San Mateo Pi\u00f1as.<\/p>\n\n\n\n<p>\u201cTom\u00f3 el cargo con el peso de un presupuesto desaparecido por la anterior administraci\u00f3n, destinado a las v\u00edctimas del hurac\u00e1n \u201c\u00c1gatha\u201d\u2026 Su r\u00e1pida integraci\u00f3n en la pol\u00edtica alegr\u00f3 a muchos pero molest\u00f3 a otros.<\/p>\n\n\n\n<p>\u201cEsto perjudic\u00f3 a quienes quer\u00edan hacer mal uso de los recursos p\u00fablicos y vieron afectados sus intereses. A pesar de su gran trabajo y dedicaci\u00f3n al pueblo, un grupo de corruptos y cobardes decidieron silenciarla\u201d.<\/p>\n\n\n\n<p>Apenas iniciaban las presentaciones musicales en homenaje a la ex presidenta municipal, inici\u00f3 una llovizna que impidi\u00f3 la continuaci\u00f3n de las actividades culturales desde el templete.<\/p>\n\n\n\n<p>Pese a ello, en la carpa y con el sonido de la bicicleta, continu\u00f3 el homenaje a Lilia Gemma G. S., de cuyo caso hasta el momento no hay personas detenidas.<\/p>\n","protected":false},"excerpt":{"rendered":"<p>Ismael Garc\u00eda M.\/Zona Roja. Oaxaca, Oax., a 21 de septiembre de 2025.- \u201cNo es un&hellip;<\/p>\n","protected":false},"author":2,"featured_media":84923,"comment_status":"closed","ping_status":"open","sticky":false,"template":"","format":"standard","meta":{"_lmt_disableupdate":"","_lmt_disable":"","_jetpack_memberships_contains_paid_content":false,"footnotes":""},"categories":[109,46],"tags":[4461,2832],"class_list":["post-84922","post","type-post","status-publish","format-standard","has-post-thumbnail","hentry","category-minuto-a-minuto","category-zona-blanca","tag-lilia-gemma-garcia-soto","tag-san-mateo-pinas"],"jetpack_featured_media_url":"https:\/\/zonaroja.com.mx\/wp-content\/uploads\/2025\/09\/Homenaje-a-Lilia-Gemma-San-MAteo-Pinas.jpg","jetpack_sharing_enabled":true,"_links":{"self":[{"href":"https:\/\/zonaroja.com.mx\/index.php?rest_route=\/wp\/v2\/posts\/84922","targetHints":{"allow":["GET"]}}],"collection":[{"href":"https:\/\/zonaroja.com.mx\/index.php?rest_route=\/wp\/v2\/posts"}],"about":[{"href":"https:\/\/zonaroja.com.mx\/index.php?rest_route=\/wp\/v2\/types\/post"}],"author":[{"embeddable":true,"href":"https:\/\/zonaroja.com.mx\/index.php?rest_route=\/wp\/v2\/users\/2"}],"replies":[{"embeddable":true,"href":"https:\/\/zonaroja.com.mx\/index.php?rest_route=%2Fwp%2Fv2%2Fcomments&post=84922"}],"version-history":[{"count":1,"href":"https:\/\/zonaroja.com.mx\/index.php?rest_route=\/wp\/v2\/posts\/84922\/revisions"}],"predecessor-version":[{"id":84924,"href":"https:\/\/zonaroja.com.mx\/index.php?rest_route=\/wp\/v2\/posts\/84922\/revisions\/84924"}],"wp:featuredmedia":[{"embeddable":true,"href":"https:\/\/zonaroja.com.mx\/index.php?rest_route=\/wp\/v2\/media\/84923"}],"wp:attachment":[{"href":"https:\/\/zonaroja.com.mx\/index.php?rest_route=%2Fwp%2Fv2%2Fmedia&parent=84922"}],"wp:term":[{"taxonomy":"category","embeddable":true,"href":"https:\/\/zonaroja.com.mx\/index.php?rest_route=%2Fwp%2Fv2%2Fcategories&post=84922"},{"taxonomy":"post_tag","embeddable":true,"href":"https:\/\/zonaroja.com.mx\/index.php?rest_route=%2Fwp%2Fv2%2Ftags&post=84922"}],"curies":[{"name":"wp","href":"https:\/\/api.w.org\/{rel}","templated":true}]}}