{"id":84932,"date":"2025-09-22T12:15:00","date_gmt":"2025-09-22T18:15:00","guid":{"rendered":"https:\/\/zonaroja.com.mx\/?p=84932"},"modified":"2025-09-22T09:51:13","modified_gmt":"2025-09-22T15:51:13","slug":"ataque-armado-en-guanajuato-deja-siete-muertos","status":"publish","type":"post","link":"https:\/\/zonaroja.com.mx\/?p=84932","title":{"rendered":"Ataque armado en Guanajuato deja siete muertos"},"content":{"rendered":"\n<p>Redacci\u00f3n\/Zona Roja Cdmx.<\/p>\n\n\n\n<p>Ciudad de M\u00e9xico, a 22 de septiembre de 2025.- En Guanajuato fueron asesinadas siete personas durante un ataque armado en Valle de Santiago, sitio en el que tambi\u00e9n result\u00f3 herido un hombre. Lo anterior es consecuencia de la pugna entre grupos criminales, seg\u00fan destaca el secretario de Gobierno.<\/p>\n\n\n\n<p>Fue en la comunidad de Las J\u00edcamas, sobre la calle 16 de septiembre, que sujetos accionaron sus armas en el sitio, lo que provoc\u00f3 la movilizaci\u00f3n de agentes de seguridad. El reporte al n\u00famero de emergencias fue recibido minutos antes de las 7:00 de la noche.<\/p>\n\n\n\n<p>Cuando los elementos de seguridad llegaron al sitio encontraron diversos cuerpos y cartuchos percutidos en el sitio. Hasta el momento no han sido revelados los nombres de las v\u00edctimas, mientras que las averiguaciones est\u00e1n a cargo de la Fiscal\u00eda General del Estado (FGE).<\/p>\n\n\n\n<p>Por su parte, cuando el secretario de Gobierno, Jorge Jim\u00e9nez Lona, fue cuestionado sobre lo ocurrido en Las J\u00edcamas, el funcionario asegur\u00f3 que se trata de una pugna entre grupos delictivos, aunque evit\u00f3 referenciarlos de manera directa.<\/p>\n\n\n\n<p>\u201cEs un disputa que se est\u00e1 dando entre dos grupos, estamos trabajando reforzando la zona, aqu\u00ed lo importante es seguir haciendo detenciones\u201d, es parte de lo registrado en redes sociales por el medio local Informativo \u00c1gora.<\/p>\n\n\n\n<p>Cuando se le pregunt\u00f3 a Jim\u00e9nez Lona sobre el nombre de las organizaciones criminales que estar\u00edan detr\u00e1s de los hechos de violencia, el funcionario coment\u00f3: \u201cEl grupo local y el grupo del estado vecino\u201d.<\/p>\n\n\n\n<p>Uno de los grupos locales en Guanajuato es el C\u00e1rtel de Santa Rosa de Lima y la entidad limita con Jalisco, Zacatecas, San Luis Potos\u00ed, Michoac\u00e1n y Quer\u00e9taro.<\/p>\n\n\n\n<p>Apenas el pasado 29 de agosto cuatro sujetos fueron arrestados y vinculados a proceso por su presunta relaci\u00f3n con el ataque armado del 17 de agosto en San Miguel de Allende, donde murieron tres personas y otras 17 quedaron heridas.<\/p>\n\n\n\n<p>En el lugar era realizada una celebraci\u00f3n a la Virgen de San Juan de los Lagos. Tras dicho ataque, el alcalde de San Miguel Allende, Mauricio Trejo Pureco, asegur\u00f3 que el objetivo del mismo eran tres personas que cuentan con antecedentes penales: Jos\u00e9 Luis, alias El Chato, Emmanuel El Mane y \u00d3scar, El Junior.<\/p>\n\n\n\n<p>Por su parte, a mediados de septiembre la Fiscal\u00eda de Guanajuato confirm\u00f3 el hallazgo de 17 cuerpos (13 de los cuales ya fueron identificados) en una fosa clandestina ubicada en la comunidad Hacienda de Guadalupe.<\/p>\n\n\n\n<p>(Informaci\u00f3n de Infobae M\u00e9xico)<\/p>\n","protected":false},"excerpt":{"rendered":"<p>Redacci\u00f3n\/Zona Roja Cdmx. Ciudad de M\u00e9xico, a 22 de septiembre de 2025.- En Guanajuato fueron&hellip;<\/p>\n","protected":false},"author":2,"featured_media":69341,"comment_status":"closed","ping_status":"open","sticky":false,"template":"","format":"standard","meta":{"_lmt_disableupdate":"","_lmt_disable":"","_jetpack_memberships_contains_paid_content":false,"footnotes":""},"categories":[109,46],"tags":[],"class_list":["post-84932","post","type-post","status-publish","format-standard","has-post-thumbnail","hentry","category-minuto-a-minuto","category-zona-blanca"],"jetpack_featured_media_url":"https:\/\/zonaroja.com.mx\/wp-content\/uploads\/2024\/06\/Escena-ejecucion-crimen-homicidio.jpg","jetpack_sharing_enabled":true,"_links":{"self":[{"href":"https:\/\/zonaroja.com.mx\/index.php?rest_route=\/wp\/v2\/posts\/84932","targetHints":{"allow":["GET"]}}],"collection":[{"href":"https:\/\/zonaroja.com.mx\/index.php?rest_route=\/wp\/v2\/posts"}],"about":[{"href":"https:\/\/zonaroja.com.mx\/index.php?rest_route=\/wp\/v2\/types\/post"}],"author":[{"embeddable":true,"href":"https:\/\/zonaroja.com.mx\/index.php?rest_route=\/wp\/v2\/users\/2"}],"replies":[{"embeddable":true,"href":"https:\/\/zonaroja.com.mx\/index.php?rest_route=%2Fwp%2Fv2%2Fcomments&post=84932"}],"version-history":[{"count":1,"href":"https:\/\/zonaroja.com.mx\/index.php?rest_route=\/wp\/v2\/posts\/84932\/revisions"}],"predecessor-version":[{"id":84933,"href":"https:\/\/zonaroja.com.mx\/index.php?rest_route=\/wp\/v2\/posts\/84932\/revisions\/84933"}],"wp:featuredmedia":[{"embeddable":true,"href":"https:\/\/zonaroja.com.mx\/index.php?rest_route=\/wp\/v2\/media\/69341"}],"wp:attachment":[{"href":"https:\/\/zonaroja.com.mx\/index.php?rest_route=%2Fwp%2Fv2%2Fmedia&parent=84932"}],"wp:term":[{"taxonomy":"category","embeddable":true,"href":"https:\/\/zonaroja.com.mx\/index.php?rest_route=%2Fwp%2Fv2%2Fcategories&post=84932"},{"taxonomy":"post_tag","embeddable":true,"href":"https:\/\/zonaroja.com.mx\/index.php?rest_route=%2Fwp%2Fv2%2Ftags&post=84932"}],"curies":[{"name":"wp","href":"https:\/\/api.w.org\/{rel}","templated":true}]}}