{"id":84945,"date":"2025-09-22T18:30:00","date_gmt":"2025-09-23T00:30:00","guid":{"rendered":"https:\/\/zonaroja.com.mx\/?p=84945"},"modified":"2025-09-22T17:44:26","modified_gmt":"2025-09-22T23:44:26","slug":"llegan-mas-acciones-de-piso-firme-para-familias-en-xoxocotlan","status":"publish","type":"post","link":"https:\/\/zonaroja.com.mx\/?p=84945","title":{"rendered":"Llegan m\u00e1s acciones de piso firme para familias en Xoxocotl\u00e1n"},"content":{"rendered":"\n<p>Redacci\u00f3n\/Zona Roja.<\/p>\n\n\n\n<p>Oaxaca, Oax., a 22 de septiembre de 2025.\u2013 Mientras personal del gobierno estatal y del municipio de Santa Cruz Xoxocotl\u00e1n hac\u00eda entrega de paquetes del programa Piso Firme a habitantes de la colonia 3 de Mayo, un aire de esperanza y emoci\u00f3n se respiraba en el ambiente.<\/p>\n\n\n\n<p>La jornada se volvi\u00f3 a\u00fan m\u00e1s emotiva cuando do\u00f1a Elizabeth, vecina de este asentamiento, rompi\u00f3 el silencio y resumi\u00f3 en una frase el sentir de las familias beneficiadas, quienes por d\u00e9cadas buscaron mejorar sus condiciones de vida.<\/p>\n\n\n\n<p>\u201cHoy vemos que los sue\u00f1os s\u00ed se alcanzan, presidenta Nancy\u201d, expres\u00f3 emocionada, mientras observaba los primeros avances en su vivienda.<\/p>\n\n\n\n<p>En la colonia Jardines de Monte Alb\u00e1n, Emilia Pinacho recordaba las incontables veces que pidi\u00f3 apoyo para cambiar su piso de tierra por uno de cemento. Lo hac\u00eda pensando en tener un hogar m\u00e1s digno, m\u00e1s seguro, con menos riesgos de enfermedades y mayor bienestar.<\/p>\n\n\n\n<p>La entrega de esta nueva etapa de Pisos Firmes es resultado de la gesti\u00f3n de la presidenta Nancy Ben\u00edtez Z\u00e1rate ante el Gobierno del Estado. A trav\u00e9s de las Secretar\u00edas de las Infraestructuras y Comunicaciones y Bienestar, se hizo equipo con el Ayuntamiento para transformar la vida de las y los xoxe\u00f1os.<\/p>\n\n\n\n<p>El apoyo no se limita a los materiales: tambi\u00e9n se incluye la mano de obra. Con ello, cada familia recibe un respaldo&nbsp;completo para mejorar su vivienda y elevar su calidad de vida.<\/p>\n","protected":false},"excerpt":{"rendered":"<p>Redacci\u00f3n\/Zona Roja. Oaxaca, Oax., a 22 de septiembre de 2025.\u2013 Mientras personal del gobierno estatal&hellip;<\/p>\n","protected":false},"author":2,"featured_media":84946,"comment_status":"closed","ping_status":"open","sticky":false,"template":"","format":"standard","meta":{"_lmt_disableupdate":"","_lmt_disable":"","_jetpack_memberships_contains_paid_content":false,"footnotes":""},"categories":[109,46],"tags":[133],"class_list":["post-84945","post","type-post","status-publish","format-standard","has-post-thumbnail","hentry","category-minuto-a-minuto","category-zona-blanca","tag-santa-cruz-xoxocotlan"],"jetpack_featured_media_url":"https:\/\/zonaroja.com.mx\/wp-content\/uploads\/2025\/09\/Esperanza-hecha-realidad-pisos-firmes-llegan-a-mas-familias-de-Xoxocotlan-2.jpeg","jetpack_sharing_enabled":true,"_links":{"self":[{"href":"https:\/\/zonaroja.com.mx\/index.php?rest_route=\/wp\/v2\/posts\/84945","targetHints":{"allow":["GET"]}}],"collection":[{"href":"https:\/\/zonaroja.com.mx\/index.php?rest_route=\/wp\/v2\/posts"}],"about":[{"href":"https:\/\/zonaroja.com.mx\/index.php?rest_route=\/wp\/v2\/types\/post"}],"author":[{"embeddable":true,"href":"https:\/\/zonaroja.com.mx\/index.php?rest_route=\/wp\/v2\/users\/2"}],"replies":[{"embeddable":true,"href":"https:\/\/zonaroja.com.mx\/index.php?rest_route=%2Fwp%2Fv2%2Fcomments&post=84945"}],"version-history":[{"count":1,"href":"https:\/\/zonaroja.com.mx\/index.php?rest_route=\/wp\/v2\/posts\/84945\/revisions"}],"predecessor-version":[{"id":84947,"href":"https:\/\/zonaroja.com.mx\/index.php?rest_route=\/wp\/v2\/posts\/84945\/revisions\/84947"}],"wp:featuredmedia":[{"embeddable":true,"href":"https:\/\/zonaroja.com.mx\/index.php?rest_route=\/wp\/v2\/media\/84946"}],"wp:attachment":[{"href":"https:\/\/zonaroja.com.mx\/index.php?rest_route=%2Fwp%2Fv2%2Fmedia&parent=84945"}],"wp:term":[{"taxonomy":"category","embeddable":true,"href":"https:\/\/zonaroja.com.mx\/index.php?rest_route=%2Fwp%2Fv2%2Fcategories&post=84945"},{"taxonomy":"post_tag","embeddable":true,"href":"https:\/\/zonaroja.com.mx\/index.php?rest_route=%2Fwp%2Fv2%2Ftags&post=84945"}],"curies":[{"name":"wp","href":"https:\/\/api.w.org\/{rel}","templated":true}]}}