{"id":84950,"date":"2025-09-22T22:19:07","date_gmt":"2025-09-23T04:19:07","guid":{"rendered":"https:\/\/zonaroja.com.mx\/?p=84950"},"modified":"2025-09-22T22:29:01","modified_gmt":"2025-09-23T04:29:01","slug":"diputada-de-moren-dice-que-cientificos-de-veracruz-crearon-nave-para-ir-a-marte","status":"publish","type":"post","link":"https:\/\/zonaroja.com.mx\/?p=84950","title":{"rendered":"Diputada de Moren dice que cient\u00edficos de Veracruz crearon nave para ir a Marte"},"content":{"rendered":"\n<p>Redacci\u00f3n\/Zona Roja Cdmx.<\/p>\n\n\n\n<p>Ciudad de M\u00e9xico, a 22 de septiembre de 2025.- La diputada de Morena, Victoria Guti\u00e9rrez P\u00e9rez, desat\u00f3 una pol\u00e9mica en el Congreso de Veracruz por proponer que el espacio huela a caf\u00e9 veracruzano.<\/p>\n\n\n\n<p>En el marco de las actividades del D\u00eda Internacional del Caf\u00e9, la diputada dijo que cient\u00edficos de Veracruz construyeron una nave por lo que buscar\u00e1n que lleven el caf\u00e9 al espacio.<\/p>\n\n\n\n<p>\u201c\u00bfQue no saben que tambi\u00e9n en el espacio se toma caf\u00e9?, (\u2026) aqu\u00ed tenemos en Veracruz grandes cient\u00edficos que tienen un proyecto, han hecho una nave espacial, con manos veracruzanas, para el espacio, para Marte, y ellos tambi\u00e9n, yo les ped\u00ed que nos apoyen para demostrar que tambi\u00e9n en la ciencia y en el espacio, tambi\u00e9n tiene que estar el aroma de nuestro caf\u00e9\u201d, se\u00f1al\u00f3 en su intervenci\u00f3n.<\/p>\n\n\n\n<p>Las declaraciones generaron reacciones en redes sociales y en el propio Congreso, puesto que criticaron que no se trata de una propuesta concreta para mejorar la situaci\u00f3n de los cafeticultores sino que \u00fanicamente son \u201cocurrencias\u201d.<\/p>\n\n\n\n<p>Ante ello, aseguraron que es necesario que se respalde a los m\u00e1s de 90 mil productores de caf\u00e9 del estado que han sido afectados de manera severa por la ca\u00edda de los precios internacionales, el cambio clim\u00e1tico y falta de apoyos.<\/p>\n\n\n\n<p>Guti\u00e9rrez P\u00e9rez es la presidenta de la Comisi\u00f3n para la Atenci\u00f3n, Seguimiento y Desarrollo de la Cafeticultura, por lo que fue una de las que organizadoras del evento donde adem\u00e1s del discurso de la diputada tambi\u00e9n se hicieron obras de teatro y representaciones con astronautas bebiendo caf\u00e9 en termos especiales.<\/p>\n\n\n\n<p>La diputada de Movimiento Ciudadano, Mar\u00eda Elena C\u00f3rdoba Molina, acus\u00f3 que el foro se hab\u00eda convertido en un \u201cshow\u201d puesto que no tuvo como finalidad realmente promover el caf\u00e9. La postura fue respaldada por Luis Alicia Delf\u00edn.<\/p>\n\n\n\n<p>Ante las criticas, la diputada dijo que sus compa\u00f1eras son \u201caprendices de la pol\u00edtica\u201d y \u201cjovencitas bellas\u201d, a quienes acus\u00f3 de obedecer \u00f3rdenes de los dirigentes de sus partidos pol\u00edticos.<\/p>\n\n\n\n<p>La diputada Indira Rosales San Rom\u00e1n defendi\u00f3 a sus compa\u00f1eras y dijo que el discurso tiene una falta de equidad de g\u00e9nero.<\/p>\n\n\n\n<p>(Informaci\u00f3n de \u201cEl Financiero\u201d)<\/p>\n","protected":false},"excerpt":{"rendered":"<p>Redacci\u00f3n\/Zona Roja Cdmx. Ciudad de M\u00e9xico, a 22 de septiembre de 2025.- La diputada de&hellip;<\/p>\n","protected":false},"author":2,"featured_media":84953,"comment_status":"closed","ping_status":"open","sticky":false,"template":"","format":"standard","meta":{"_lmt_disableupdate":"","_lmt_disable":"","_jetpack_memberships_contains_paid_content":false,"footnotes":""},"categories":[109,47],"tags":[4462],"class_list":["post-84950","post","type-post","status-publish","format-standard","has-post-thumbnail","hentry","category-minuto-a-minuto","category-zona-gris","tag-victoria-gutierrez-perez"],"jetpack_featured_media_url":"https:\/\/zonaroja.com.mx\/wp-content\/uploads\/2025\/09\/Diputada-Victoria-Gutierrez.jpeg","jetpack_sharing_enabled":true,"_links":{"self":[{"href":"https:\/\/zonaroja.com.mx\/index.php?rest_route=\/wp\/v2\/posts\/84950","targetHints":{"allow":["GET"]}}],"collection":[{"href":"https:\/\/zonaroja.com.mx\/index.php?rest_route=\/wp\/v2\/posts"}],"about":[{"href":"https:\/\/zonaroja.com.mx\/index.php?rest_route=\/wp\/v2\/types\/post"}],"author":[{"embeddable":true,"href":"https:\/\/zonaroja.com.mx\/index.php?rest_route=\/wp\/v2\/users\/2"}],"replies":[{"embeddable":true,"href":"https:\/\/zonaroja.com.mx\/index.php?rest_route=%2Fwp%2Fv2%2Fcomments&post=84950"}],"version-history":[{"count":1,"href":"https:\/\/zonaroja.com.mx\/index.php?rest_route=\/wp\/v2\/posts\/84950\/revisions"}],"predecessor-version":[{"id":84951,"href":"https:\/\/zonaroja.com.mx\/index.php?rest_route=\/wp\/v2\/posts\/84950\/revisions\/84951"}],"wp:featuredmedia":[{"embeddable":true,"href":"https:\/\/zonaroja.com.mx\/index.php?rest_route=\/wp\/v2\/media\/84953"}],"wp:attachment":[{"href":"https:\/\/zonaroja.com.mx\/index.php?rest_route=%2Fwp%2Fv2%2Fmedia&parent=84950"}],"wp:term":[{"taxonomy":"category","embeddable":true,"href":"https:\/\/zonaroja.com.mx\/index.php?rest_route=%2Fwp%2Fv2%2Fcategories&post=84950"},{"taxonomy":"post_tag","embeddable":true,"href":"https:\/\/zonaroja.com.mx\/index.php?rest_route=%2Fwp%2Fv2%2Ftags&post=84950"}],"curies":[{"name":"wp","href":"https:\/\/api.w.org\/{rel}","templated":true}]}}