{"id":84955,"date":"2025-09-23T08:18:00","date_gmt":"2025-09-23T14:18:00","guid":{"rendered":"https:\/\/zonaroja.com.mx\/?p=84955"},"modified":"2025-09-23T06:37:35","modified_gmt":"2025-09-23T12:37:35","slug":"interconectaran-drenajes-de-municipios-para-sanear-rios-atoyac-y-salado","status":"publish","type":"post","link":"https:\/\/zonaroja.com.mx\/?p=84955","title":{"rendered":"Interconectar\u00e1n drenajes de municipios para sanear r\u00edos \u201cAtoyac\u201d y \u201cSalado\u201d"},"content":{"rendered":"\n<p>Redacci\u00f3n\/Zona Roja.<\/p>\n\n\n\n<p>Oaxaca, Oax., a 23 de septiembre de 2025.- El gobierno de Oaxaca firm\u00f3 con ayuntamientos el Convenio de Interconexi\u00f3n a la Planta de Tratamiento de Aguas Residuales entre Municipios, durante la segunda sesi\u00f3n ordinaria de la Comisi\u00f3n para el Saneamiento de los R\u00edos \u201cAtoyac\u201d y \u201cSalado\u201d, celebrada con 59 autoridades locales.<\/p>\n\n\n\n<p>El objetivo de este acuerdo es ejecutar y dar seguimiento al Plan Integral para el Saneamiento de los R\u00edos \u201cAtoyac\u201d y \u201cSalado\u201d, a trav\u00e9s del Programa de Trabajo Municipal que involucra a 65 demarcaciones, con el fin de atender la problem\u00e1tica ambiental de estos cuerpos de agua.<\/p>\n\n\n\n<p>Durante la actividad realizada ayer en Palacio de Gobierno, el mandatario estatal destac\u00f3 que su administraci\u00f3n tiene como prioridad la preservaci\u00f3n del medio ambiente y la recuperaci\u00f3n de estos afluentes.<\/p>\n\n\n\n<p>\u201cQueremos rescatar y devolver la vida a los r\u00edos \u2018Atoyac\u2019 y \u2018Salado\u2019 para que vuelvan a ser fuente de orgullo y esperanza. Este convenio significa que, unidos gobierno, sociedad y municipios, estamos construyendo soluciones de largo plazo para garantizar agua limpia y entornos saludables\u201d, se\u00f1al\u00f3.<\/p>\n\n\n\n<p>En el marco de la sesi\u00f3n, se inform\u00f3 que el gobierno de Oaxaca ha destinado 594 millones de pesos a estas acciones, mientras que el municipio de Oaxaca de Ju\u00e1rez ha aportado 60 millones de pesos. Los ayuntamientos participantes tambi\u00e9n realizan contribuciones para sus respectivas zonas.<\/p>\n\n\n\n<p>El director general del Organismo de Cuenca Pac\u00edfico Sur de la Comisi\u00f3n Nacional del Agua (Conagua), Rub\u00e9n R\u00edos \u00c1ngeles, subray\u00f3 la importancia de la coordinaci\u00f3n entre los tres niveles de gobierno y anunci\u00f3 que la instituci\u00f3n llevar\u00e1 a cabo un monitoreo permanente para medir el impacto de las acciones en la mejora de la calidad del agua.<\/p>\n\n\n\n<p>\u201cEl \u2018Atoyac\u2019 es la columna vertebral de los Valles Centrales; de \u00e9l dependen m\u00e1s de un mill\u00f3n 200 mil habitantes. Su recuperaci\u00f3n es fundamental para la salud, econom\u00eda, cultura y medio ambiente\u201d, afirm\u00f3.<\/p>\n\n\n\n<p>Hasta el momento, la Comisi\u00f3n para el Saneamiento de los r\u00edos \u2018Atoyac\u2019 y \u2018Salado\u2019 reporta 65 municipios beneficiados y un impacto positivo en la vida de m\u00e1s de un mill\u00f3n 28 mil personas.<\/p>\n","protected":false},"excerpt":{"rendered":"<p>Redacci\u00f3n\/Zona Roja. Oaxaca, Oax., a 23 de septiembre de 2025.- El gobierno de Oaxaca firm\u00f3&hellip;<\/p>\n","protected":false},"author":2,"featured_media":84956,"comment_status":"closed","ping_status":"open","sticky":false,"template":"","format":"standard","meta":{"_lmt_disableupdate":"","_lmt_disable":"","_jetpack_memberships_contains_paid_content":false,"footnotes":""},"categories":[109,46],"tags":[939],"class_list":["post-84955","post","type-post","status-publish","format-standard","has-post-thumbnail","hentry","category-minuto-a-minuto","category-zona-blanca","tag-salomon-jara-cruz"],"jetpack_featured_media_url":"https:\/\/zonaroja.com.mx\/wp-content\/uploads\/2025\/09\/Firma-Salomon-Jara-convenio-con-ayuntamientos-para-interconectar-plantas-de-aguas-residuales-y-sanear-rios-Atoyac-1.jpeg","jetpack_sharing_enabled":true,"_links":{"self":[{"href":"https:\/\/zonaroja.com.mx\/index.php?rest_route=\/wp\/v2\/posts\/84955","targetHints":{"allow":["GET"]}}],"collection":[{"href":"https:\/\/zonaroja.com.mx\/index.php?rest_route=\/wp\/v2\/posts"}],"about":[{"href":"https:\/\/zonaroja.com.mx\/index.php?rest_route=\/wp\/v2\/types\/post"}],"author":[{"embeddable":true,"href":"https:\/\/zonaroja.com.mx\/index.php?rest_route=\/wp\/v2\/users\/2"}],"replies":[{"embeddable":true,"href":"https:\/\/zonaroja.com.mx\/index.php?rest_route=%2Fwp%2Fv2%2Fcomments&post=84955"}],"version-history":[{"count":1,"href":"https:\/\/zonaroja.com.mx\/index.php?rest_route=\/wp\/v2\/posts\/84955\/revisions"}],"predecessor-version":[{"id":84957,"href":"https:\/\/zonaroja.com.mx\/index.php?rest_route=\/wp\/v2\/posts\/84955\/revisions\/84957"}],"wp:featuredmedia":[{"embeddable":true,"href":"https:\/\/zonaroja.com.mx\/index.php?rest_route=\/wp\/v2\/media\/84956"}],"wp:attachment":[{"href":"https:\/\/zonaroja.com.mx\/index.php?rest_route=%2Fwp%2Fv2%2Fmedia&parent=84955"}],"wp:term":[{"taxonomy":"category","embeddable":true,"href":"https:\/\/zonaroja.com.mx\/index.php?rest_route=%2Fwp%2Fv2%2Fcategories&post=84955"},{"taxonomy":"post_tag","embeddable":true,"href":"https:\/\/zonaroja.com.mx\/index.php?rest_route=%2Fwp%2Fv2%2Ftags&post=84955"}],"curies":[{"name":"wp","href":"https:\/\/api.w.org\/{rel}","templated":true}]}}