{"id":84958,"date":"2025-09-23T09:15:00","date_gmt":"2025-09-23T15:15:00","guid":{"rendered":"https:\/\/zonaroja.com.mx\/?p=84958"},"modified":"2025-09-23T06:43:03","modified_gmt":"2025-09-23T12:43:03","slug":"decretos-de-universidades-del-suneo-fueron-para-poner-orden-consejeria-juridica","status":"publish","type":"post","link":"https:\/\/zonaroja.com.mx\/?p=84958","title":{"rendered":"Decretos de universidades del SUNEO fueron para poner orden: Consejer\u00eda Jur\u00eddica"},"content":{"rendered":"\n<p>Lisbeth Mej\u00eda Reyes\/Zona Roja.<\/p>\n\n\n\n<p>Oaxaca, Oax., a 23 de septiembre de 2025.- Despu\u00e9s de los pronunciamientos de trabajadores de las universidades que exigen revisar y modificar los recientes decretos, el gobernador Salom\u00f3n Jara Cruz, aclar\u00f3 que estos instrumentos jur\u00eddicos son para regularizar a las instituciones que hasta ahora eran conocidas como parte del Sistema de Universidades Estatales de Oaxaca (SUNEO).<\/p>\n\n\n\n<p>En su reciente pronunciamiento, la coalici\u00f3n del personal acad\u00e9mico, administrativo y operativo expuso al menos ocho solicitudes a las autoridades, entre estas el respeto a sus derechos laborales, un di\u00e1logo p\u00fablico y la representaci\u00f3n y poder en la toma de decisiones.<\/p>\n\n\n\n<p>Este lunes, el mandatario y el consejero Jur\u00eddico, Geovany V\u00e1squez Sagrero, reiteraron que las reformas publicadas recientemente son para ordenar las 10 universidades y negaron que se afecten los derechos laborales de sus trabajadores. Tambi\u00e9n descartaron que las instituciones pasen al gobierno federal.<\/p>\n\n\n\n<p>\u00abJur\u00eddicamente, el SUNEO no exist\u00eda, hab\u00eda tambi\u00e9n cosas incorrectas y hoy queremos fortalecer a todas las universidades, no van a pasar a manos del gobierno federal. Vamos a continuar con estas universidades que son un ejemplo muy importante en el pa\u00eds\u00bb, extern\u00f3 el gobernador desde su conferencia en Palacio de Gobierno, en la ciudad de Oaxaca.<\/p>\n\n\n\n<p>V\u00e1squez Sagrero detall\u00f3 que los nombres de las universidades quedaron intactos, como lo han pedido las y los acad\u00e9micos. Tambi\u00e9n confirm\u00f3 que el SUNEO no exist\u00eda jur\u00eddicamente sino que \u00abera una creaci\u00f3n colectiva, tal vez, del maestro Modesto (Seara), pero no hab\u00eda alg\u00fan documento jur\u00eddico que lo creara como tal\u00bb.<\/p>\n\n\n\n<p>Lo que se hizo, dijo, fue reformar los 10 decretos de creaci\u00f3n de las universidades que operan como organismos p\u00fablicos descentralizados, dos de ellos con financiamiento totalmente estatal y otros con algunas combinaciones de recursos, pues carec\u00edan de sus respectivos \u00f3rganos de gobierno, como lo establece la Ley de entidades paraestatales local debe tener un \u00f3rgano de gobierno.<\/p>\n\n\n\n<p>\u00abHab\u00eda una figura de una rector\u00eda general de todas las universidades, pero no ten\u00edan un \u00f3rgano de gobierno que vigilara su funcionamiento\u00bb, explic\u00f3 en referencia a la rector\u00eda del fallecido Modesto Seara V\u00e1zquez desde la creaci\u00f3n de las universidades y hasta 2022, y de la profesora Mar\u00eda de los \u00c1ngeles Peralta Arias, que estuvo en funciones hasta hace unas semanas.<\/p>\n\n\n\n<p>A decir de Sagrero, la rector\u00eda no le rend\u00eda cuentas a nadie y por eso la importancia de las juntas de gobierno de cada instituci\u00f3n. Tambi\u00e9n el que cada universidad cuente con una rectora o rector y no vicerrectores, como hasta antes de las reformas.<\/p>\n\n\n\n<p>\u00abDesde que llegamos (esta administraci\u00f3n) empezaron quejas y denuncias, sobre todo en el Istmo de Tehuantepec, de algunas malas pr\u00e1cticas, se\u00f1alamientos directos a algunos catedr\u00e1ticos por acoso, y tuvimos que entrar a revisar de manera general bajo la indicaci\u00f3n del gobernador y la coordinaci\u00f3n del trabajo, con la SEP (Secretar\u00eda de Educaci\u00f3n P\u00fablica), con (la secretar\u00eda de) Honestidad, con Administraci\u00f3n, para concluir en la necesidad de reformar los decretos, pero no hay extinci\u00f3n de nada\u00bb, subray\u00f3.<\/p>\n\n\n\n<p>Tras las reformas, explic\u00f3 que se tendr\u00e1n que instalar las juntas de gobierno, las que de acuerdo con la Ley de entidades paraestatales contemplan a titulares de las secretar\u00edas del gobierno estatal o sus suplentes \u00abpara tomar determinaciones colectivas, desde temas acad\u00e9micos hasta operativos\u00bb, entre estos la revisi\u00f3n de los planes de estudio.<\/p>\n\n\n\n<p>Con las reformas, reiter\u00f3, se retoma la figura como OPD, con la que cada universidad es una persona jur\u00eddica distinta, con su RFC ante el Servicio de Administraci\u00f3n Tributaria (SAT) y su cuenta bancaria, \u00abcon fines de transparencia\u201d.<\/p>\n","protected":false},"excerpt":{"rendered":"<p>Lisbeth Mej\u00eda Reyes\/Zona Roja. Oaxaca, Oax., a 23 de septiembre de 2025.- Despu\u00e9s de los&hellip;<\/p>\n","protected":false},"author":2,"featured_media":80729,"comment_status":"closed","ping_status":"open","sticky":false,"template":"","format":"standard","meta":{"_lmt_disableupdate":"","_lmt_disable":"","_jetpack_memberships_contains_paid_content":false,"footnotes":""},"categories":[109,46],"tags":[3356,939],"class_list":["post-84958","post","type-post","status-publish","format-standard","has-post-thumbnail","hentry","category-minuto-a-minuto","category-zona-blanca","tag-geovany-vasquez-sagrero","tag-salomon-jara-cruz"],"jetpack_featured_media_url":"https:\/\/zonaroja.com.mx\/wp-content\/uploads\/2025\/05\/Geovany-Vasquez-Sagrero.jpg","jetpack_sharing_enabled":true,"_links":{"self":[{"href":"https:\/\/zonaroja.com.mx\/index.php?rest_route=\/wp\/v2\/posts\/84958","targetHints":{"allow":["GET"]}}],"collection":[{"href":"https:\/\/zonaroja.com.mx\/index.php?rest_route=\/wp\/v2\/posts"}],"about":[{"href":"https:\/\/zonaroja.com.mx\/index.php?rest_route=\/wp\/v2\/types\/post"}],"author":[{"embeddable":true,"href":"https:\/\/zonaroja.com.mx\/index.php?rest_route=\/wp\/v2\/users\/2"}],"replies":[{"embeddable":true,"href":"https:\/\/zonaroja.com.mx\/index.php?rest_route=%2Fwp%2Fv2%2Fcomments&post=84958"}],"version-history":[{"count":1,"href":"https:\/\/zonaroja.com.mx\/index.php?rest_route=\/wp\/v2\/posts\/84958\/revisions"}],"predecessor-version":[{"id":84959,"href":"https:\/\/zonaroja.com.mx\/index.php?rest_route=\/wp\/v2\/posts\/84958\/revisions\/84959"}],"wp:featuredmedia":[{"embeddable":true,"href":"https:\/\/zonaroja.com.mx\/index.php?rest_route=\/wp\/v2\/media\/80729"}],"wp:attachment":[{"href":"https:\/\/zonaroja.com.mx\/index.php?rest_route=%2Fwp%2Fv2%2Fmedia&parent=84958"}],"wp:term":[{"taxonomy":"category","embeddable":true,"href":"https:\/\/zonaroja.com.mx\/index.php?rest_route=%2Fwp%2Fv2%2Fcategories&post=84958"},{"taxonomy":"post_tag","embeddable":true,"href":"https:\/\/zonaroja.com.mx\/index.php?rest_route=%2Fwp%2Fv2%2Ftags&post=84958"}],"curies":[{"name":"wp","href":"https:\/\/api.w.org\/{rel}","templated":true}]}}