{"id":84960,"date":"2025-09-23T10:00:00","date_gmt":"2025-09-23T16:00:00","guid":{"rendered":"https:\/\/zonaroja.com.mx\/?p=84960"},"modified":"2025-09-23T06:49:59","modified_gmt":"2025-09-23T12:49:59","slug":"once-estados-reconocen-a-palestina-en-los-ultimos-dos-dias","status":"publish","type":"post","link":"https:\/\/zonaroja.com.mx\/?p=84960","title":{"rendered":"Once Estados reconocen a Palestina en los \u00faltimos dos d\u00edas"},"content":{"rendered":"\n<p>Redacci\u00f3n\/Zona Roja Cdmx.<\/p>\n\n\n\n<p>Ciudad de M\u00e9xico, a 23 de septiembre de 2025.- Con Francia, Gran Breta\u00f1a, Portugal y B\u00e9lgica, en total 148 de los 193 pa\u00edses de la ONU reconocen el Estado de Palestina, que actualmente tiene estatuto de observador en la Asamblea General.&nbsp;<\/p>\n\n\n\n<p>Mientras, el presidente palestino, Mahmoud Abbas, exige el fin la anexi\u00f3n y los asentamientos de sus territorios en un Conferencia Internacional, que se celebra en la sede de la Organizaci\u00f3n Nueva York.<\/p>\n\n\n\n<p>La semana pasada el Secretario General de la ONU&nbsp;explicaba por qu\u00e9 es positivo que el m\u00e1ximo n\u00famero de Estados reconozco a Palestina como pa\u00eds. Hoy son ya 148 de los 193 pa\u00edses de la ONU quienes lo reconocen. Once de ellos, lo han hecho en las \u00faltimas 48 horas, entre ellos Francia y Gran Breta\u00f1a, miembros permanentes del Consejo de Seguridad.<\/p>\n\n\n\n<p>Estados Unidos es el \u00fanico pa\u00eds de los cinco miembros permanentes que no reconoce a Palestina. China y Rusia ya lo hicieron en el pasado.<\/p>\n\n\n\n<p>El reconocimiento se enmarca en la llamada soluci\u00f3n de los dos Estados, que propone un Estado palestino independiente en Cisjordania y Gaza, con Jerusal\u00e9n Este como capital, en pac\u00edfica coexistencia con Israel.<\/p>\n\n\n\n<p>\u00abPesa sobre nosotros una responsabilidad hist\u00f3rica.&nbsp;Debemos hacer todo lo posible para preservar la mera posibilidad de una soluci\u00f3n de dos Estados: Israel y Palestina, viviendo uno al lado del otro, en paz y seguridad. Ha llegado el momento. Por eso, y fiel al compromiso hist\u00f3rico de Francia con la paz en Oriente Pr\u00f3ximo entre israel\u00edes y palestinos, declaro que Francia reconoce hoy al Estado de Palestina\u00bb, declar\u00f3 el presidente de Francia, Emmanuel Macron, ante la Asamblea General.<\/p>\n\n\n\n<p>Francia, junto con Arabia Saud\u00ed, hab\u00eda convocado esta Conferencia Internacional. A la decisi\u00f3n de Macron, le han seguido B\u00e9lgica, Luxemburgo, Andorra, San Marino y Malta. En v\u00edsperas de la reuni\u00f3n, lo hicieron Reino Unido, Australia, Canad\u00e1 y Portugal.<\/p>\n\n\n\n<p>Poco despu\u00e9s de la intervenci\u00f3n de Macron, el Secretario General de la ONU acog\u00eda \u201ccon satisfacci\u00f3n las medidas que muchos Estados miembros est\u00e1n adoptando para impulsar el apoyo a la soluci\u00f3n de dos Estados, incluidos los compromisos de reconocer al Estado de Palestina\u00bb.<\/p>\n\n\n\n<p>Ant\u00f3nio Guterres reiteraba su llamamiento para que se establezca un alto el fuego inmediato y permanente en Gaza, se libere de forma inmediata e incondicional a todos los rehenes y se permita el acceso humanitario inmediato, pleno, seguro, incondicional y sin trabas.<\/p>\n\n\n\n<p>\u00abSeamos claros: la creaci\u00f3n de un Estado para los palestinos es un derecho, no una recompensa\u201d, declar\u00f3.<\/p>\n\n\n\n<p>Por su parte, el presidente de Gobierno de Espa\u00f1a, que tambi\u00e9n tom\u00f3 la palabra en el podio de la Asamblea para intervenir en la Conferencia, dijo que \u00abel pueblo palestino est\u00e1 siendo aniquilado\u201d.<\/p>\n\n\n\n<p>\u201cPor eso, en nombre de la raz\u00f3n, en nombre del derecho internacional y en nombre de la dignidad humana tenemos que parar esta matanza\u00bb, afirm\u00f3 Pedro S\u00e1nchez.<\/p>\n\n\n\n<p>S\u00e1nchez pidi\u00f3 que el Estado de Palestina se convierta en miembro de pleno derecho de Naciones Unidas, algo que Estados Unidos vet\u00f3 recientemente.&nbsp;<\/p>\n\n\n\n<p>(Informaci\u00f3n de la ONU)<\/p>\n","protected":false},"excerpt":{"rendered":"<p>Redacci\u00f3n\/Zona Roja Cdmx. Ciudad de M\u00e9xico, a 23 de septiembre de 2025.- Con Francia, Gran&hellip;<\/p>\n","protected":false},"author":2,"featured_media":84961,"comment_status":"closed","ping_status":"open","sticky":false,"template":"","format":"standard","meta":{"_lmt_disableupdate":"","_lmt_disable":"","_jetpack_memberships_contains_paid_content":false,"footnotes":""},"categories":[109,47],"tags":[2677],"class_list":["post-84960","post","type-post","status-publish","format-standard","has-post-thumbnail","hentry","category-minuto-a-minuto","category-zona-gris","tag-guerra-israel-y-palestina"],"jetpack_featured_media_url":"https:\/\/zonaroja.com.mx\/wp-content\/uploads\/2025\/09\/Bandera-Palestina.jpg","jetpack_sharing_enabled":true,"_links":{"self":[{"href":"https:\/\/zonaroja.com.mx\/index.php?rest_route=\/wp\/v2\/posts\/84960","targetHints":{"allow":["GET"]}}],"collection":[{"href":"https:\/\/zonaroja.com.mx\/index.php?rest_route=\/wp\/v2\/posts"}],"about":[{"href":"https:\/\/zonaroja.com.mx\/index.php?rest_route=\/wp\/v2\/types\/post"}],"author":[{"embeddable":true,"href":"https:\/\/zonaroja.com.mx\/index.php?rest_route=\/wp\/v2\/users\/2"}],"replies":[{"embeddable":true,"href":"https:\/\/zonaroja.com.mx\/index.php?rest_route=%2Fwp%2Fv2%2Fcomments&post=84960"}],"version-history":[{"count":1,"href":"https:\/\/zonaroja.com.mx\/index.php?rest_route=\/wp\/v2\/posts\/84960\/revisions"}],"predecessor-version":[{"id":84962,"href":"https:\/\/zonaroja.com.mx\/index.php?rest_route=\/wp\/v2\/posts\/84960\/revisions\/84962"}],"wp:featuredmedia":[{"embeddable":true,"href":"https:\/\/zonaroja.com.mx\/index.php?rest_route=\/wp\/v2\/media\/84961"}],"wp:attachment":[{"href":"https:\/\/zonaroja.com.mx\/index.php?rest_route=%2Fwp%2Fv2%2Fmedia&parent=84960"}],"wp:term":[{"taxonomy":"category","embeddable":true,"href":"https:\/\/zonaroja.com.mx\/index.php?rest_route=%2Fwp%2Fv2%2Fcategories&post=84960"},{"taxonomy":"post_tag","embeddable":true,"href":"https:\/\/zonaroja.com.mx\/index.php?rest_route=%2Fwp%2Fv2%2Ftags&post=84960"}],"curies":[{"name":"wp","href":"https:\/\/api.w.org\/{rel}","templated":true}]}}