{"id":84963,"date":"2025-09-23T10:03:00","date_gmt":"2025-09-23T16:03:00","guid":{"rendered":"https:\/\/zonaroja.com.mx\/?p=84963"},"modified":"2025-09-23T07:19:45","modified_gmt":"2025-09-23T13:19:45","slug":"actua-fiscalia-contra-violencia-familiar-y-detiene-a-cuatro-personas","status":"publish","type":"post","link":"https:\/\/zonaroja.com.mx\/?p=84963","title":{"rendered":"Act\u00faa Fiscal\u00eda contra violencia familiar y detiene a cuatro personas"},"content":{"rendered":"\n<p>Redacci\u00f3n\/Zona Roja.&nbsp;<\/p>\n\n\n\n<p>Oaxaca, Oax., a 23 de septiembre de 2025.- La Fiscal\u00eda General del Estado de Oaxaca (FGEO) -a trav\u00e9s de la Agencia Estatal de Investigaciones (AEI)- dio cumplimiento a diversas \u00f3rdenes de aprehensi\u00f3n que permitieron la detenci\u00f3n de cuatro personas, todas del sexo masculino, por el delito de violencia familiar cometidos en diferentes regiones de la entidad.<\/p>\n\n\n\n<p>Conforme a lo establecido en el expediente penal, dos de las aprehensiones se llevaron a cabo tras las investigaciones de la Fiscal\u00eda Especializada para la Atenci\u00f3n a Delitos contra la Mujer por Raz\u00f3n y la Fiscal\u00eda Especializada en Justicia para Adolescentes.<\/p>\n\n\n\n<p>Una de las detenciones se logr\u00f3 en la Central de Abasto, en la ciudad de Oaxaca de Ju\u00e1rez, mientras que la segunda en Santa Mar\u00eda Atzompa, municipio conurbado a la capital de Oaxaca en la regi\u00f3n de los Valles Centrales.<\/p>\n\n\n\n<p>La primera aprehensi\u00f3n se ejecut\u00f3 en la calle Villa Alta de la colonia Guelaguetza del municipio de Santa Mar\u00eda Atzompa, en contra de un hombre identificado como A.M.V., detenido por agentes ministeriales tras incumplir con una media cautelar impuesta por un juez por el delito de violencia familiar en agravio de S.D.S.A.<\/p>\n\n\n\n<p>Tras su detenci\u00f3n, A.M.V., fue puesto a disposici\u00f3n de la Fiscal\u00eda Especializada en Justicia para Ni\u00f1as, Ni\u00f1os y Adolescentes, \u00e1rea encargada de la investigaci\u00f3n del caso.<\/p>\n\n\n\n<p>La segunda aprehensi\u00f3n, efectuada por agentes de la AEI se ejecut\u00f3 en contra A.I.L.Z., en inmediaciones de la avenida Ju\u00e1rez Maza de la Central de Abasto en la ciudad de Oaxaca, derivado de investigaciones realizadas por la Fiscal\u00eda Especializada para la Atenci\u00f3n de Delitos contra la Mujer por raz\u00f3n de G\u00e9nero, por el delito de violaci\u00f3n familiar ejercida en contra de M.Y.Z.Z.<\/p>\n\n\n\n<p>En tanto que otras dos detenciones se llevaron a cabo en la regi\u00f3n de la Costa y la Sierra de Flores Mag\u00f3n; en el caso de la Costa, el mandato judicial fue en contra de A.H.L., por ejercer violencia en contra de una mujer, hechos registrados el 31 de marzo de 2025.<\/p>\n\n\n\n<p>Una vez detenido por agentes ministeriales con apoyo de elementos de la Secretar\u00eda de la Defensa Nacional (Defensa) Guardia Nacional (GN) y Polic\u00eda Estatal y Polic\u00eda Vial Estatal, fue puesto a disposici\u00f3n de la Vicefiscal\u00eda Regional de la Costa para su certificaci\u00f3n m\u00e9dica y posteriormente su debido proceso.<\/p>\n\n\n\n<p>La cuarta detenci\u00f3n se realiz\u00f3 en la calle Los Pinos del Barrio El Llanito de Teotitl\u00e1n de Flores Mag\u00f3n en contra de E.M.G., luego de las investigaciones realizadas por la Vicefiscal\u00eda General de Control Regional por hechos registrados el 11 de julio de 2024, cuando la v\u00edctima L.G.G., fue agredida de manera f\u00edsica y verbal en su domicilio ubicado en el barrio La Laguna de la localidad de La Toma perteneciente a Mazatl\u00e1n Villa de Flores.<\/p>\n\n\n\n<p>PRESUNTO FEMINICIDA<\/p>\n\n\n\n<p>En otro caso, la Fiscal\u00eda General dio cumplimiento a una orden de aprehensi\u00f3n en contra de una persona del sexo masculino identificada como G.L.L., por los delitos de Feminicidio y Lesiones Calificadas, el primero cometido en agravio de una mujer identificada como M.L.V.G., y el segundo en perjuicio de un adolescente.<\/p>\n\n\n\n<p>De acuerdo con el expediente penal del caso, los hechos ocurrieron el 28 de mayo de 2024, cuando el agresor ingres\u00f3 a casa de las v\u00edctimas, donde atac\u00f3 al adolescente con un arma corto-contundente (machete), provoc\u00e1ndole lesiones en diferentes partes del cuerpo.<\/p>\n\n\n\n<p>La investigaci\u00f3n revela que, en el lugar, la v\u00edctima M.L.V.G. pidi\u00f3 ayuda para socorrer al adolescente, momento en que el agresor la sigui\u00f3 hasta el interior del domicilio y posteriormente la atac\u00f3, originando que la v\u00edctima cayera al piso, infligiendo lesiones que terminaron con la vida de la mujer.<\/p>\n\n\n\n<p>Al tener conocimiento de estos sucesos, la Fiscal\u00eda de Oaxaca intervino a trav\u00e9s de la Vicefiscal\u00eda Regional de la Costa y elementos de la Agencia Estatal de Investigaciones (AEI), que realizaron las investigaciones que permitieron la detenci\u00f3n de G.L.L., en calles de San Pedro Pochutla, en la regi\u00f3n de la Costa.<\/p>\n\n\n\n<p>Tras la detenci\u00f3n, G.L.L. fue puesto a disposici\u00f3n de la autoridad ministerial correspondiente para determinar su situaci\u00f3n jur\u00eddica.<\/p>\n","protected":false},"excerpt":{"rendered":"<p>Redacci\u00f3n\/Zona Roja.&nbsp; Oaxaca, Oax., a 23 de septiembre de 2025.- La Fiscal\u00eda General del Estado&hellip;<\/p>\n","protected":false},"author":2,"featured_media":84964,"comment_status":"closed","ping_status":"open","sticky":false,"template":"","format":"standard","meta":{"_lmt_disableupdate":"","_lmt_disable":"","_jetpack_memberships_contains_paid_content":false,"footnotes":""},"categories":[109,46],"tags":[494],"class_list":["post-84963","post","type-post","status-publish","format-standard","has-post-thumbnail","hentry","category-minuto-a-minuto","category-zona-blanca","tag-fiscalia-general-del-estado-de-oaxaca"],"jetpack_featured_media_url":"https:\/\/zonaroja.com.mx\/wp-content\/uploads\/2025\/09\/Detenidos-Fiscalia-Violencia-Familiar.jpg","jetpack_sharing_enabled":true,"_links":{"self":[{"href":"https:\/\/zonaroja.com.mx\/index.php?rest_route=\/wp\/v2\/posts\/84963","targetHints":{"allow":["GET"]}}],"collection":[{"href":"https:\/\/zonaroja.com.mx\/index.php?rest_route=\/wp\/v2\/posts"}],"about":[{"href":"https:\/\/zonaroja.com.mx\/index.php?rest_route=\/wp\/v2\/types\/post"}],"author":[{"embeddable":true,"href":"https:\/\/zonaroja.com.mx\/index.php?rest_route=\/wp\/v2\/users\/2"}],"replies":[{"embeddable":true,"href":"https:\/\/zonaroja.com.mx\/index.php?rest_route=%2Fwp%2Fv2%2Fcomments&post=84963"}],"version-history":[{"count":1,"href":"https:\/\/zonaroja.com.mx\/index.php?rest_route=\/wp\/v2\/posts\/84963\/revisions"}],"predecessor-version":[{"id":84965,"href":"https:\/\/zonaroja.com.mx\/index.php?rest_route=\/wp\/v2\/posts\/84963\/revisions\/84965"}],"wp:featuredmedia":[{"embeddable":true,"href":"https:\/\/zonaroja.com.mx\/index.php?rest_route=\/wp\/v2\/media\/84964"}],"wp:attachment":[{"href":"https:\/\/zonaroja.com.mx\/index.php?rest_route=%2Fwp%2Fv2%2Fmedia&parent=84963"}],"wp:term":[{"taxonomy":"category","embeddable":true,"href":"https:\/\/zonaroja.com.mx\/index.php?rest_route=%2Fwp%2Fv2%2Fcategories&post=84963"},{"taxonomy":"post_tag","embeddable":true,"href":"https:\/\/zonaroja.com.mx\/index.php?rest_route=%2Fwp%2Fv2%2Ftags&post=84963"}],"curies":[{"name":"wp","href":"https:\/\/api.w.org\/{rel}","templated":true}]}}