{"id":84966,"date":"2025-09-23T11:00:00","date_gmt":"2025-09-23T17:00:00","guid":{"rendered":"https:\/\/zonaroja.com.mx\/?p=84966"},"modified":"2025-09-23T07:32:33","modified_gmt":"2025-09-23T13:32:33","slug":"la-familia-michoacana-habria-ejecutado-a-los-artistas-colombianos","status":"publish","type":"post","link":"https:\/\/zonaroja.com.mx\/?p=84966","title":{"rendered":"\u201cLa Familia Michoacana\u201d habr\u00eda ejecutado a los artistas colombianos"},"content":{"rendered":"\n<p>Redacci\u00f3n\/Zona Roja Cdmx.<\/p>\n\n\n\n<p>Ciudad de M\u00e9xico, a 23 de septiembre de 2025.- Los cuerpos del cantante Bayron S\u00e1nchez, mejor conocido como \u201cB-King\u201d, y su compa\u00f1ero musical, el diy\u00e9i Jorge Herrera, \u201cRegio Clown\u201d, ambos colombianos, fueron hallados sin vida con signos de violencia y con un mensaje presuntamente atribuible al c\u00e1rtel de \u201cLa familia michoacana\u201d, en el Estado de M\u00e9xico.<\/p>\n\n\n\n<p>La b\u00fasqueda se intensific\u00f3, luego de que el domingo pasado el presidente de Colombia, Gustavo Petro, pidi\u00f3 a su hom\u00f3loga mexicana, Claudia Sheinbaum Pardo, la intervenci\u00f3n de las autoridades mexicanas para localizar con vida a sus connacionales.<\/p>\n\n\n\n<p>Sin embargo, los cuerpos de las v\u00edctimas ya hab\u00edan sido hallados desde el 17 de septiembre \u2013un d\u00eda despu\u00e9s de su desaparici\u00f3n\u2013 en la carretera M\u00e9xico-Cuautla, municipio de Cocotitl\u00e1n, Estado de M\u00e9xico, cuando se report\u00f3 la presencia de \u201cuna bolsa improvisada con costales\u201d a un costado de la vialidad.<\/p>\n\n\n\n<p>Los reportes refieren que, al arribar, los elementos de la Secretar\u00eda de Seguridad del estado de M\u00e9xico constataron que se trataba de cuerpos desmembrados cubiertos con bolsas negras, y a un costado se encontraba una cartulina mojada en el que se le\u00eda un mensaje atribuido a \u201cLa familia michoacana\u201d.<\/p>\n\n\n\n<p>\u201cLlego LA FM esto va para chingarnos a encargados y vendedores VAMOS POR TODO\u201d (sic), se lee en el informe de las autoridades.<\/p>\n\n\n\n<p>Tras varios d\u00edas de mantener los cuerpos bajo resguardo, la Fiscal\u00eda General de Justicia mexiquense (FGJEM) notific\u00f3 a su hom\u00f3loga capitalina del hallazgo, por lo que esta \u00faltima inform\u00f3 a los familiares de Bayron, quienes se encontraban desde el domingo en la Ciudad de M\u00e9xico para conocer el estado de las investigaciones.<\/p>\n\n\n\n<p>La Fiscal\u00eda General de Justicia capitalina inform\u00f3 por medio de una tarjeta informativa que emprendi\u00f3 diversas acciones de investigaci\u00f3n, como la recopilaci\u00f3n de testimonios y la obtenci\u00f3n de videograbaciones, a partir de las cuales se estableci\u00f3 como hip\u00f3tesis que el \u00faltimo paradero de los artistas colombianos habr\u00eda sido en el estado de M\u00e9xico.<\/p>\n\n\n\n<p>Precis\u00f3 que personal de servicios periciales de la FGJEM realiz\u00f3 la confronta de los perfiles de los desaparecidos y encontr\u00f3 coincidencias con las dos personas fallecidas.<\/p>\n\n\n\n<p>Fuentes ministeriales se\u00f1alaron que la ropa y tatuajes en los cuerpos fueron fundamentales para identificarlos este mismo lunes (ayer). Adem\u00e1s, las investigaciones apuntan a que, al salir de un gimnasio en Polanco, acudir\u00edan a una reuni\u00f3n con dos personas, presuntamente en un restaurante.<\/p>\n\n\n\n<p>Tras un seguimiento de telefon\u00eda realizado por los agentes investigadores, se supo que \u201cRegio Clown\u201d, antes de dicha reuni\u00f3n envi\u00f3 una serie de mensajes en los que refer\u00eda que acudir\u00eda a hacer un negocio con una persona identificada como \u201ccomandante\u201d.<\/p>\n\n\n\n<p>El m\u00e1nager de los artistas fue quien interpuso la denuncia tras su desaparici\u00f3n el 16 de septiembre anterior, y se\u00f1al\u00f3 en su declaraci\u00f3n ante el Ministerio P\u00fablico que ambos sostendr\u00edan una reuni\u00f3n con dos sujetos.<\/p>\n\n\n\n<p>\u201cB-King\u201d y \u201cRegio Clown\u201d hab\u00edan acudido a la capital para realizar una serie de presentaciones, una de ellas el 16 de septiembre, pero ese d\u00eda acudieron a un gimnasio Smart Fit ubicado en la calle Masaryk, en Polanco.&nbsp;<\/p>\n","protected":false},"excerpt":{"rendered":"<p>Redacci\u00f3n\/Zona Roja Cdmx. Ciudad de M\u00e9xico, a 23 de septiembre de 2025.- Los cuerpos del&hellip;<\/p>\n","protected":false},"author":2,"featured_media":84967,"comment_status":"closed","ping_status":"open","sticky":false,"template":"","format":"standard","meta":{"_lmt_disableupdate":"","_lmt_disable":"","_jetpack_memberships_contains_paid_content":false,"footnotes":""},"categories":[109,47],"tags":[],"class_list":["post-84966","post","type-post","status-publish","format-standard","has-post-thumbnail","hentry","category-minuto-a-minuto","category-zona-gris"],"jetpack_featured_media_url":"https:\/\/zonaroja.com.mx\/wp-content\/uploads\/2025\/09\/Colombianos-asesinados-en-Edomex-Cdmx.jpg","jetpack_sharing_enabled":true,"_links":{"self":[{"href":"https:\/\/zonaroja.com.mx\/index.php?rest_route=\/wp\/v2\/posts\/84966","targetHints":{"allow":["GET"]}}],"collection":[{"href":"https:\/\/zonaroja.com.mx\/index.php?rest_route=\/wp\/v2\/posts"}],"about":[{"href":"https:\/\/zonaroja.com.mx\/index.php?rest_route=\/wp\/v2\/types\/post"}],"author":[{"embeddable":true,"href":"https:\/\/zonaroja.com.mx\/index.php?rest_route=\/wp\/v2\/users\/2"}],"replies":[{"embeddable":true,"href":"https:\/\/zonaroja.com.mx\/index.php?rest_route=%2Fwp%2Fv2%2Fcomments&post=84966"}],"version-history":[{"count":1,"href":"https:\/\/zonaroja.com.mx\/index.php?rest_route=\/wp\/v2\/posts\/84966\/revisions"}],"predecessor-version":[{"id":84968,"href":"https:\/\/zonaroja.com.mx\/index.php?rest_route=\/wp\/v2\/posts\/84966\/revisions\/84968"}],"wp:featuredmedia":[{"embeddable":true,"href":"https:\/\/zonaroja.com.mx\/index.php?rest_route=\/wp\/v2\/media\/84967"}],"wp:attachment":[{"href":"https:\/\/zonaroja.com.mx\/index.php?rest_route=%2Fwp%2Fv2%2Fmedia&parent=84966"}],"wp:term":[{"taxonomy":"category","embeddable":true,"href":"https:\/\/zonaroja.com.mx\/index.php?rest_route=%2Fwp%2Fv2%2Fcategories&post=84966"},{"taxonomy":"post_tag","embeddable":true,"href":"https:\/\/zonaroja.com.mx\/index.php?rest_route=%2Fwp%2Fv2%2Ftags&post=84966"}],"curies":[{"name":"wp","href":"https:\/\/api.w.org\/{rel}","templated":true}]}}