{"id":84969,"date":"2025-09-23T12:00:00","date_gmt":"2025-09-23T18:00:00","guid":{"rendered":"https:\/\/zonaroja.com.mx\/?p=84969"},"modified":"2025-09-23T07:38:03","modified_gmt":"2025-09-23T13:38:03","slug":"opinion-cesevi-solucion-o-negocio","status":"publish","type":"post","link":"https:\/\/zonaroja.com.mx\/?p=84969","title":{"rendered":"Opini\u00f3n. Cesevi: soluci\u00f3n o negocio\u00a0"},"content":{"rendered":"\n<p>Isidoro Yescas*<\/p>\n\n\n\n<p>Sumamente preocupado por lo que ocurra con las finanzas municipales en las pr\u00f3ximas dos&nbsp;d\u00e9cadas,&nbsp;el&nbsp;presidente municipal, Raymundo Chagoya, ya encontr\u00f3 la f\u00f3rmula m\u00e1gica para que el municipio de Oaxaca de Ju\u00e1rez deje de pagar cada a\u00f1o 24 millones de pesos por concepto de arrendamiento&nbsp;de inmuebles: concesionar a una empresa privada&nbsp;&nbsp;el inmueble propiedad del municipio ubicado en la calle de Belisario Dom\u00ednguez 920 de la colonia Reforma. &nbsp;&nbsp;<\/p>\n\n\n\n<p>De la lectura del decreto&nbsp;, ya&nbsp;aprobado&nbsp;por mayor\u00eda de votos por&nbsp;el Congreso local&nbsp;(y&nbsp;que en el mes de julio lo aprob\u00f3 sin chistar el&nbsp;Cabildo municipal)&nbsp;queda claro que&nbsp;a las autoridades municipales en turno les agobia&nbsp;tanto&nbsp;que el municipio pierda&nbsp;millones de pesos&nbsp;en arrendar casas y edificios de particulares &nbsp;para destinarlo a oficinas que&nbsp;tomaron la sabia decisi\u00f3n de&nbsp;concentrarlas&nbsp;en un solo espacio f\u00edsico para as\u00ed&nbsp;generar&nbsp;\u201cahorros&nbsp;de transporte y tiempo\u201d&nbsp;&nbsp;a los contribuyentes capitalinos.<\/p>\n\n\n\n<p>La soluci\u00f3n, entonces, va en la ruta&nbsp;de&nbsp;concesionar&nbsp;un bien inmueble del municipio (con una superficie de dos mil 174 metros cuadrados) en donde, v\u00eda licitaci\u00f3n p\u00fablica, se asignar\u00e1 a una empresa&nbsp;privada&nbsp;para&nbsp;que&nbsp;en dicho espacio&nbsp;se levante un edificio ya denominado&nbsp;Centro de Servicios Vecinales (Cesevi) que contar\u00e1 con modernas oficinas, estacionamientos y terrazas (faltaba m\u00e1s).&nbsp;<\/p>\n\n\n\n<p>Para &nbsp;justificar&nbsp;financieramente&nbsp;el proyecto se&nbsp;argumenta lo siguiente: en 19 a\u00f1os el municipio estar\u00eda&nbsp;erogando por arrendamiento mil 160 millones de pesos.&nbsp;<\/p>\n\n\n\n<p>Sin embargo,&nbsp;al&nbsp;proceder&nbsp;a la concesi\u00f3n de su bien inmueble, en el&nbsp;&nbsp;mismo periodo tendr\u00e1 que pagar a la empresa que se haga cargo de la&nbsp;construcci\u00f3n, administraci\u00f3n y mantenimiento del Cesevi&nbsp;la cantidad de mil 880 millones.&nbsp;<\/p>\n\n\n\n<p>Y aunque aqu\u00ed claramente aparece una diferencia de 780 millones de pesos&nbsp;en contra del&nbsp;municipio,&nbsp;las&nbsp;cuentas alegres de las autoridades vecinales&nbsp;dejan pasar este dato para presumir que en 19 a\u00f1os &nbsp;el Cesevi, ya como patrimonio del municipio, tendr\u00eda&nbsp;un valor estimado de mil 780 millones de pesos.<\/p>\n\n\n\n<p>Para pagar este multimillonario proyecto, que podr\u00e1n decir misa pero es una forma simulada de deuda&nbsp;p\u00fablica,&nbsp;las&nbsp;pr\u00f3ximas seis administraciones municipales&nbsp;deber\u00e1n&nbsp;sacrificar sus ingresos propios y afectar, hasta donde les alcance,&nbsp;las participaciones federales, sobre todo&nbsp;del Fondo de Fomento Municipal, \u201cprevia autorizaci\u00f3n de las legislaturas locales\u201d&nbsp;.<\/p>\n\n\n\n<p>Por&nbsp;donde&nbsp;se le quiera ver,&nbsp;el pago en&nbsp;superabonos&nbsp;de los mil 880 millones &nbsp;de pesos&nbsp;se traducir\u00e1&nbsp;en&nbsp;la reducci\u00f3n o cancelaci\u00f3n presupuestal&nbsp;(a partir del 2027, cuando se estima que entre el operaci\u00f3n el Cesevi)&nbsp;de alguno de&nbsp;los servicios&nbsp;b\u00e1sicos&nbsp;que por ley prestan los municipios, como la obra p\u00fablica (drenaje, redes de agua potable, bacheo,&nbsp;etc.) y la seguridad p\u00fablica.&nbsp;<\/p>\n\n\n\n<p>Se dir\u00e1 que est\u00e1 pendiente la licitaci\u00f3n p\u00fablica y que el plazo oficial anunciado de 18 meses para concluirlo habr\u00eda que restar por lo menos uno o dos meses para cubrir los tr\u00e1mites de este proceso legal-administrativo, pero con toda la fama de honestidad y cumplimiento de la ley que rodea al gobierno vecinal&nbsp;,que no nos extra\u00f1e que ya todo est\u00e9&nbsp;arreglado y que el mismo empresario oaxaque\u00f1o que vendi\u00f3 la idea del Cesevi&nbsp;se saque la loter\u00eda&nbsp;para que antes que concluya el 2025 &nbsp;arranquen con los primeros trabajos.<\/p>\n\n\n\n<p>Un negocio redondo, en&nbsp;donde &nbsp;los amigos, cuates y hasta parientes saldr\u00edan beneficiados, menos la ciudad y sus contribuyentes, que por cierto, nunca fueron consultados para ahorrarse unos pesos y tiempo para realizar sus tr\u00e1mites en las oficinas municipales.<\/p>\n\n\n\n<p>*Mestro en Sociolog\u00eda y periodista.<\/p>\n\n\n\n<p>X:@YescasIsidoro &nbsp; &nbsp; &nbsp; &nbsp; &nbsp; &nbsp; &nbsp; &nbsp; &nbsp; &nbsp; &nbsp; &nbsp; &nbsp;<\/p>\n","protected":false},"excerpt":{"rendered":"<p>Isidoro Yescas* Sumamente preocupado por lo que ocurra con las finanzas municipales en las pr\u00f3ximas&hellip;<\/p>\n","protected":false},"author":2,"featured_media":71623,"comment_status":"closed","ping_status":"open","sticky":false,"template":"","format":"standard","meta":{"_lmt_disableupdate":"","_lmt_disable":"","_jetpack_memberships_contains_paid_content":false,"footnotes":""},"categories":[456,109],"tags":[3998],"class_list":["post-84969","post","type-post","status-publish","format-standard","has-post-thumbnail","hentry","category-columna","category-minuto-a-minuto","tag-isidoro-yescas-martinez"],"jetpack_featured_media_url":"https:\/\/zonaroja.com.mx\/wp-content\/uploads\/2024\/08\/Opinion.-Isidoro-Yescas.jpg","jetpack_sharing_enabled":true,"_links":{"self":[{"href":"https:\/\/zonaroja.com.mx\/index.php?rest_route=\/wp\/v2\/posts\/84969","targetHints":{"allow":["GET"]}}],"collection":[{"href":"https:\/\/zonaroja.com.mx\/index.php?rest_route=\/wp\/v2\/posts"}],"about":[{"href":"https:\/\/zonaroja.com.mx\/index.php?rest_route=\/wp\/v2\/types\/post"}],"author":[{"embeddable":true,"href":"https:\/\/zonaroja.com.mx\/index.php?rest_route=\/wp\/v2\/users\/2"}],"replies":[{"embeddable":true,"href":"https:\/\/zonaroja.com.mx\/index.php?rest_route=%2Fwp%2Fv2%2Fcomments&post=84969"}],"version-history":[{"count":1,"href":"https:\/\/zonaroja.com.mx\/index.php?rest_route=\/wp\/v2\/posts\/84969\/revisions"}],"predecessor-version":[{"id":84970,"href":"https:\/\/zonaroja.com.mx\/index.php?rest_route=\/wp\/v2\/posts\/84969\/revisions\/84970"}],"wp:featuredmedia":[{"embeddable":true,"href":"https:\/\/zonaroja.com.mx\/index.php?rest_route=\/wp\/v2\/media\/71623"}],"wp:attachment":[{"href":"https:\/\/zonaroja.com.mx\/index.php?rest_route=%2Fwp%2Fv2%2Fmedia&parent=84969"}],"wp:term":[{"taxonomy":"category","embeddable":true,"href":"https:\/\/zonaroja.com.mx\/index.php?rest_route=%2Fwp%2Fv2%2Fcategories&post=84969"},{"taxonomy":"post_tag","embeddable":true,"href":"https:\/\/zonaroja.com.mx\/index.php?rest_route=%2Fwp%2Fv2%2Ftags&post=84969"}],"curies":[{"name":"wp","href":"https:\/\/api.w.org\/{rel}","templated":true}]}}