{"id":84979,"date":"2025-09-23T13:57:00","date_gmt":"2025-09-23T19:57:00","guid":{"rendered":"https:\/\/zonaroja.com.mx\/?p=84979"},"modified":"2025-09-23T07:59:31","modified_gmt":"2025-09-23T13:59:31","slug":"luis-jaime-la-bicicleta-como-forma-de-vida-y-de-activismo","status":"publish","type":"post","link":"https:\/\/zonaroja.com.mx\/?p=84979","title":{"rendered":"Luis Jaime: la bicicleta como forma de vida y de activismo\u00a0"},"content":{"rendered":"\n<p>Lisbeth Mej\u00eda Reyes\/Zona Roja.<\/p>\n\n\n\n<p>Oaxaca, Oax., a 23 de septiembre de 2025.- La revuelta del 2006 en Oaxaca se convirti\u00f3 en la oportunidad para que Luis Jaime se sumara a la protesta popular en contra del ex gobernador Ulises Ruiz Ortiz, pero tambi\u00e9n para hacer de su bicicleta un veh\u00edculo para el activismo y desde el cual trabajar en su meta de vida saludable.<\/p>\n\n\n\n<p>Han pasado casi 20 a\u00f1os de eso y el originario de San Mateo Pi\u00f1as sigue pedaleando. En el pasado est\u00e1n las marchas del 2006, aunque en su presente se mantiene la protesta, ahora para exigir justicia por su prima Lilia Gema Garc\u00eda Soto, la ex presidenta de San Mateo Pi\u00f1as que fue asesinada el 15 de junio por un comando armado.<\/p>\n\n\n\n<p>El pasado domingo, Luis Jaime fue una de las tantas personas que se reunieron para rendir homenaje a Lilia Gema, para recordar su legado y la lucha por su comunidad.<\/p>\n\n\n\n<p>A bordo de su bicicleta, Luis Jaime relataba parte de la vida de su prima, la de la familia y su propia vida. A su mente volvieron los recuerdos de las marchas del 2006 que iniciaban desde Trinidad Viguera y el momento en que decidi\u00f3 colocarle una bocina, y luego otra, a su bicicleta.<\/p>\n\n\n\n<p>\u00abPas\u00f3 lo del 2006 y dije: le voy a dar forma porque sirve para ir a perifonear cosas de negocios. Varios a\u00f1os estuve con el servicio de perifoneo, pero la mayor\u00eda de negocios que se anunciaban eran de fritangas y alguno que otro desfile de ni\u00f1os. Entonces dej\u00e9 lo del perifoneo y como soy aficionado al atletismo comenc\u00e9 a acompa\u00f1ar carreras con la bicicleta\u00bb, cont\u00f3 para ZONA ROJA.<\/p>\n\n\n\n<figure class=\"wp-block-embed is-type-rich is-provider-twitter wp-block-embed-twitter\"><div class=\"wp-block-embed__wrapper\">\n<div class=\"twitter-tweet\"><blockquote class=\"twitter-tweet\" data-lang=\"es\"><p lang=\"es\" dir=\"ltr\">\u00a1Que tal! Conozca a don Luis Jaime, quien desde el 2006 utiliza una bicicleta para el activismo social y tambi\u00e9n para servicios de perifoneo. Este domingo se uni\u00f3 a jornada cultural pac\u00edfica en memoria de Lilia Gemma G. S., en el z\u00f3calo de la ciudad de Oaxaca.<br>Pero adem\u00e1s, tiene\u2026 <a href=\"https:\/\/t.co\/p25HvCh4ge\">pic.twitter.com\/p25HvCh4ge<\/a><\/p>&mdash; Zona Roja Oaxaca (@ZonaRoja_Oaxaca) <a href=\"https:\/\/twitter.com\/ZonaRoja_Oaxaca\/status\/1970132614460608625?ref_src=twsrc%5Etfw\">22 de septiembre de 2025<\/a><\/blockquote><\/div>\n<\/div><\/figure>\n\n\n\n<p>Por 30 a\u00f1os, Luis Jaime se dedic\u00f3 a la electr\u00f3nica, el oficio con el que mantuvo a su familia y se hizo de su patrimonio. Es este mismo oficio el que le sirvi\u00f3 para adaptar su bicicleta al equipo de sonido con el que se present\u00f3 el domingo en la actividad conmemorativa.<\/p>\n\n\n\n<p>Con su bicicleta como compa\u00f1era, coment\u00f3 que hace 12 a\u00f1os empez\u00f3 un plan de vida saludable para llegar a los 96 a\u00f1os de edad.<\/p>\n\n\n\n<p>La esperanza de vida en M\u00e9xico es de 75.7 a\u00f1os hasta este 2025, seg\u00fan las estimaciones del Instituto Nacional de Estad\u00edstica y Geograf\u00eda (Inegi). Por sexo, la esperanza es de 72.6 a\u00f1os para los hombres y de 79 para las mujeres.<\/p>\n\n\n\n<p>Para conseguir su meta de llegar a los 96 a\u00f1os, 20 m\u00e1s que el promedio estimado por el Inegi, Luis Jaime se enfoca en ocho h\u00e1bitos o aspectos, entre estos el ejercicio (ya sea correr, practicar basquetbol o andar en bicicleta), la nutrici\u00f3n y el descanso.<\/p>\n\n\n\n<p>Este 22 de septiembre se conmemor\u00f3 el D\u00eda Mundial sin Autom\u00f3vil, una fecha para reflexionar y practicar otras formas de transporte poniendo como focos la salud y el cuidado del medio ambiente.<\/p>\n\n\n\n<p>Esta fecha \u00absurgi\u00f3 en la d\u00e9cada de los setenta para reducir el uso del veh\u00edculo ante la crisis petrolera que llev\u00f3 a la necesidad de buscar alternativas a los combustibles f\u00f3siles, y que se concret\u00f3 en 1990 cuando algunas ciudades de Europa la pusieron en marcha\u00bb, se\u00f1ala la Secretar\u00eda de Medio Ambiente y Recursos Naturales (Semarnat) en una de sus publicaciones sobre la celebraci\u00f3n.<\/p>\n\n\n\n<p>En estados como Oaxaca la conmemoraci\u00f3n es tambi\u00e9n una invitaci\u00f3n a repensar el transporte, especialmente cuando los veh\u00edculos de motor han aumentado a un ritmo acelerado en los \u00faltimos a\u00f1os.<\/p>\n\n\n\n<p>El Instituto Nacional de Estad\u00edstica y Geograf\u00eda (Inegi) report\u00f3 que para el a\u00f1o 2023 hab\u00eda un mill\u00f3n 94 mil 900 veh\u00edculos de motor en circulaci\u00f3n ena entidad. La cifra de unidades es poco m\u00e1s de la cuarta parte de habitantes del estado, que se ha estimado en 4 millones 207 mil 200 para ese a\u00f1o. Esto significa que por cada cuatro habitantes del estado hay un autom\u00f3vil.<\/p>\n\n\n\n<p>El n\u00famero total de veh\u00edculos es casi el doble de la que se ten\u00eda seis a\u00f1os antes, cuando en 2017 hab\u00eda registrados 552 mil 387. Es decir, que en un sexenio hubo un aumento del 98.2 por ciento.<\/p>\n","protected":false},"excerpt":{"rendered":"<p>Lisbeth Mej\u00eda Reyes\/Zona Roja. Oaxaca, Oax., a 23 de septiembre de 2025.- La revuelta del&hellip;<\/p>\n","protected":false},"author":2,"featured_media":84980,"comment_status":"closed","ping_status":"open","sticky":false,"template":"","format":"standard","meta":{"_lmt_disableupdate":"","_lmt_disable":"","_jetpack_memberships_contains_paid_content":false,"footnotes":""},"categories":[109,46],"tags":[4464],"class_list":["post-84979","post","type-post","status-publish","format-standard","has-post-thumbnail","hentry","category-minuto-a-minuto","category-zona-blanca","tag-luis-jaime-bicicleta"],"jetpack_featured_media_url":"https:\/\/zonaroja.com.mx\/wp-content\/uploads\/2025\/09\/Luis-Jaime.jpg","jetpack_sharing_enabled":true,"_links":{"self":[{"href":"https:\/\/zonaroja.com.mx\/index.php?rest_route=\/wp\/v2\/posts\/84979","targetHints":{"allow":["GET"]}}],"collection":[{"href":"https:\/\/zonaroja.com.mx\/index.php?rest_route=\/wp\/v2\/posts"}],"about":[{"href":"https:\/\/zonaroja.com.mx\/index.php?rest_route=\/wp\/v2\/types\/post"}],"author":[{"embeddable":true,"href":"https:\/\/zonaroja.com.mx\/index.php?rest_route=\/wp\/v2\/users\/2"}],"replies":[{"embeddable":true,"href":"https:\/\/zonaroja.com.mx\/index.php?rest_route=%2Fwp%2Fv2%2Fcomments&post=84979"}],"version-history":[{"count":1,"href":"https:\/\/zonaroja.com.mx\/index.php?rest_route=\/wp\/v2\/posts\/84979\/revisions"}],"predecessor-version":[{"id":84981,"href":"https:\/\/zonaroja.com.mx\/index.php?rest_route=\/wp\/v2\/posts\/84979\/revisions\/84981"}],"wp:featuredmedia":[{"embeddable":true,"href":"https:\/\/zonaroja.com.mx\/index.php?rest_route=\/wp\/v2\/media\/84980"}],"wp:attachment":[{"href":"https:\/\/zonaroja.com.mx\/index.php?rest_route=%2Fwp%2Fv2%2Fmedia&parent=84979"}],"wp:term":[{"taxonomy":"category","embeddable":true,"href":"https:\/\/zonaroja.com.mx\/index.php?rest_route=%2Fwp%2Fv2%2Fcategories&post=84979"},{"taxonomy":"post_tag","embeddable":true,"href":"https:\/\/zonaroja.com.mx\/index.php?rest_route=%2Fwp%2Fv2%2Ftags&post=84979"}],"curies":[{"name":"wp","href":"https:\/\/api.w.org\/{rel}","templated":true}]}}