{"id":84982,"date":"2025-09-23T17:18:25","date_gmt":"2025-09-23T23:18:25","guid":{"rendered":"https:\/\/zonaroja.com.mx\/?p=84982"},"modified":"2025-09-23T17:18:27","modified_gmt":"2025-09-23T23:18:27","slug":"asesinan-en-comunidad-de-oaxaca-a-sindico-municipal-y-a-su-esposa","status":"publish","type":"post","link":"https:\/\/zonaroja.com.mx\/?p=84982","title":{"rendered":"Asesinan en comunidad de Oaxaca a s\u00edndico municipal y a su esposa"},"content":{"rendered":"\n<p>Ismael Garc\u00eda M.\/Zona Roja.<\/p>\n\n\n\n<p>Oaxaca, Oax., a 23 de septiembre de 2025.- El s\u00edndico municipal de San Pedro El Alto, distrito de Pochutla, y su esposa, fueron asesinados a balazos la ma\u00f1ana de este martes.<\/p>\n\n\n\n<p>El individuo fue identificado como Vicente S. C. y el crimen se perpetr\u00f3 en un domicilio de la localidad Tierra Blanca; la fallecida respondi\u00f3 en vida al nombre de Celerina \u201cN\u201d; a\u00fan se desconoce el m\u00f3vil del doble homicidio.<\/p>\n\n\n\n<p>La Fiscal\u00eda General del Estado de Oaxaca (FGEO) confirm\u00f3 el hecho y dio a conocer que realiza las primeras diligencias ministeriales, as\u00ed como los trabajos periciales necesarios que permitan establecer una teor\u00eda del caso que d\u00e9 solidez a las l\u00edneas de investigaci\u00f3n en torno a los hechos.<\/p>\n\n\n\n<p>En un comunicado, indic\u00f3 que, al tener conocimiento de los hechos ocurridos en la comunidad de Tierra Blanca, moviliz\u00f3 un equipo multidisciplinario que se coordin\u00f3 con elementos de la Agencia Estatal de Investigaciones (AEI), quienes acudieron al domicilio de las v\u00edctimas despu\u00e9s de recibir el reporte que en el lugar encontraron los cuerpos sin vida.<\/p>\n\n\n\n<p>\u201cLa Fiscal\u00eda de Oaxaca realiza las primeras diligencias a trav\u00e9s de un equipo multidisciplinario con el objetivo de asegurar indicios clave relacionados con el hecho, indispensable para el esclarecimiento y la identificaci\u00f3n de posibles responsables.<\/p>\n\n\n\n<p>\u201cLa Fiscal\u00eda de Oaxaca refrenda su compromiso de realizar investigaciones integrales y con rigor cient\u00edfico que permitan esclarecer los delitos y brindar resultados efectivos a la sociedad\u201d, detall\u00f3 en su comunicado.<\/p>\n","protected":false},"excerpt":{"rendered":"<p>Ismael Garc\u00eda M.\/Zona Roja. Oaxaca, Oax., a 23 de septiembre de 2025.- El s\u00edndico municipal&hellip;<\/p>\n","protected":false},"author":2,"featured_media":84983,"comment_status":"closed","ping_status":"open","sticky":false,"template":"","format":"standard","meta":{"_lmt_disableupdate":"","_lmt_disable":"","_jetpack_memberships_contains_paid_content":false,"footnotes":""},"categories":[109,51],"tags":[3815],"class_list":["post-84982","post","type-post","status-publish","format-standard","has-post-thumbnail","hentry","category-minuto-a-minuto","category-zona-roja","tag-san-pedro-el-alto"],"jetpack_featured_media_url":"https:\/\/zonaroja.com.mx\/wp-content\/uploads\/2025\/09\/San-Pedro-El-Alto-Pochutla.jpg","jetpack_sharing_enabled":true,"_links":{"self":[{"href":"https:\/\/zonaroja.com.mx\/index.php?rest_route=\/wp\/v2\/posts\/84982","targetHints":{"allow":["GET"]}}],"collection":[{"href":"https:\/\/zonaroja.com.mx\/index.php?rest_route=\/wp\/v2\/posts"}],"about":[{"href":"https:\/\/zonaroja.com.mx\/index.php?rest_route=\/wp\/v2\/types\/post"}],"author":[{"embeddable":true,"href":"https:\/\/zonaroja.com.mx\/index.php?rest_route=\/wp\/v2\/users\/2"}],"replies":[{"embeddable":true,"href":"https:\/\/zonaroja.com.mx\/index.php?rest_route=%2Fwp%2Fv2%2Fcomments&post=84982"}],"version-history":[{"count":1,"href":"https:\/\/zonaroja.com.mx\/index.php?rest_route=\/wp\/v2\/posts\/84982\/revisions"}],"predecessor-version":[{"id":84984,"href":"https:\/\/zonaroja.com.mx\/index.php?rest_route=\/wp\/v2\/posts\/84982\/revisions\/84984"}],"wp:featuredmedia":[{"embeddable":true,"href":"https:\/\/zonaroja.com.mx\/index.php?rest_route=\/wp\/v2\/media\/84983"}],"wp:attachment":[{"href":"https:\/\/zonaroja.com.mx\/index.php?rest_route=%2Fwp%2Fv2%2Fmedia&parent=84982"}],"wp:term":[{"taxonomy":"category","embeddable":true,"href":"https:\/\/zonaroja.com.mx\/index.php?rest_route=%2Fwp%2Fv2%2Fcategories&post=84982"},{"taxonomy":"post_tag","embeddable":true,"href":"https:\/\/zonaroja.com.mx\/index.php?rest_route=%2Fwp%2Fv2%2Ftags&post=84982"}],"curies":[{"name":"wp","href":"https:\/\/api.w.org\/{rel}","templated":true}]}}