{"id":84985,"date":"2025-09-23T20:31:30","date_gmt":"2025-09-24T02:31:30","guid":{"rendered":"https:\/\/zonaroja.com.mx\/?p=84985"},"modified":"2025-09-23T20:31:30","modified_gmt":"2025-09-24T02:31:30","slug":"recrudece-violencia-en-santiago-amoltepec-un-muerto-y-un-herido","status":"publish","type":"post","link":"https:\/\/zonaroja.com.mx\/?p=84985","title":{"rendered":"Recrudece violencia en Santiago Amoltepec: un muerto y un herido"},"content":{"rendered":"\n<p>Ismael Garc\u00eda M.\/Zona Roja.<\/p>\n\n\n\n<p>Oaxaca, Oax., a 23 de septiembre de 2025.- La violencia recrudeci\u00f3 este martes en Santiago Amoltepec, con saldo de una persona fallecida y una m\u00e1s lesionada.<\/p>\n\n\n\n<p>De acuerdo con los primeros informes, dos personas fueron atacada a balazos en un bar ubicado a escasos metros de la presidencia municipal.<\/p>\n\n\n\n<p>En el lugar perdi\u00f3 la vida Carlos H., hijo del suplente del regidor de Hacienda del ayuntamiento, mientras que Efra\u00edn V. result\u00f3 lesionado de gravedad.<\/p>\n\n\n\n<p>Apenas el pasado domingo 14 de septiembre se registr\u00f3 un enfrentamiento entre Amoltepec contra sus vecinos de Santa Mar\u00eda Zaniza; ese d\u00eda falleci\u00f3 una persona; al d\u00eda siguiente ocurri\u00f3 otra emboscada y que desaparecida otra persona.<\/p>\n\n\n\n<p>El jueves 18 de septiembre fue localizado el cuerpo sin vida y presentaba huellas de tortura as\u00ed como impactos de arma de fuego.<\/p>\n\n\n\n<p>El pasado 15 de mayo fue ultimado a balazos el presidente municipal, Mario H. C., cuyo caso sigue en investigaci\u00f3n y hasta el momento no hay personas detenidas.<\/p>\n\n\n\n<p>BALEADO EN JAMILTEPEC<\/p>\n\n\n\n<p>Por otra parte, a un costado de la carretera federal 200 de la regi\u00f3n Costa, a la altura de la colonia Aviaci\u00f3n de Santiago Jamiltepec, un individuo fue atacado a balazos.<\/p>\n\n\n\n<p>La v\u00edctima fue identificada como Juan R. M., de aproximadamente 57 a\u00f1os de edad, de oficio ganadero y familiar de la ex presidenta municipal de Jamiltepec, quien falleci\u00f3 en un hospital.<\/p>\n\n\n\n<p>ASESINADO EN SALINA CRUZ<\/p>\n\n\n\n<p>Mientras tanto, la ma\u00f1ana de hoy una persona del sexo masculino fue asesinada a balazos, en un domicilio ubicado en la calle Progreso del barrio San Francisco, municipio de Salina Cruz.<\/p>\n\n\n\n<p>El hallazgo gener\u00f3 la movilizaci\u00f3n de diversas corporaciones policiacas, que, pese a los operativos de b\u00fasqueda, no han dado con el paradero de los probables autores del crimen.<\/p>\n","protected":false},"excerpt":{"rendered":"<p>Ismael Garc\u00eda M.\/Zona Roja. Oaxaca, Oax., a 23 de septiembre de 2025.- La violencia recrudeci\u00f3&hellip;<\/p>\n","protected":false},"author":2,"featured_media":84393,"comment_status":"closed","ping_status":"open","sticky":false,"template":"","format":"standard","meta":{"_lmt_disableupdate":"","_lmt_disable":"","_jetpack_memberships_contains_paid_content":false,"footnotes":""},"categories":[109,51],"tags":[860],"class_list":["post-84985","post","type-post","status-publish","format-standard","has-post-thumbnail","hentry","category-minuto-a-minuto","category-zona-roja","tag-santiago-amoltepec"],"jetpack_featured_media_url":"https:\/\/zonaroja.com.mx\/wp-content\/uploads\/2025\/09\/Santiago-Amoltepec.jpg","jetpack_sharing_enabled":true,"_links":{"self":[{"href":"https:\/\/zonaroja.com.mx\/index.php?rest_route=\/wp\/v2\/posts\/84985","targetHints":{"allow":["GET"]}}],"collection":[{"href":"https:\/\/zonaroja.com.mx\/index.php?rest_route=\/wp\/v2\/posts"}],"about":[{"href":"https:\/\/zonaroja.com.mx\/index.php?rest_route=\/wp\/v2\/types\/post"}],"author":[{"embeddable":true,"href":"https:\/\/zonaroja.com.mx\/index.php?rest_route=\/wp\/v2\/users\/2"}],"replies":[{"embeddable":true,"href":"https:\/\/zonaroja.com.mx\/index.php?rest_route=%2Fwp%2Fv2%2Fcomments&post=84985"}],"version-history":[{"count":1,"href":"https:\/\/zonaroja.com.mx\/index.php?rest_route=\/wp\/v2\/posts\/84985\/revisions"}],"predecessor-version":[{"id":84986,"href":"https:\/\/zonaroja.com.mx\/index.php?rest_route=\/wp\/v2\/posts\/84985\/revisions\/84986"}],"wp:featuredmedia":[{"embeddable":true,"href":"https:\/\/zonaroja.com.mx\/index.php?rest_route=\/wp\/v2\/media\/84393"}],"wp:attachment":[{"href":"https:\/\/zonaroja.com.mx\/index.php?rest_route=%2Fwp%2Fv2%2Fmedia&parent=84985"}],"wp:term":[{"taxonomy":"category","embeddable":true,"href":"https:\/\/zonaroja.com.mx\/index.php?rest_route=%2Fwp%2Fv2%2Fcategories&post=84985"},{"taxonomy":"post_tag","embeddable":true,"href":"https:\/\/zonaroja.com.mx\/index.php?rest_route=%2Fwp%2Fv2%2Ftags&post=84985"}],"curies":[{"name":"wp","href":"https:\/\/api.w.org\/{rel}","templated":true}]}}