{"id":84987,"date":"2025-09-23T21:12:53","date_gmt":"2025-09-24T03:12:53","guid":{"rendered":"https:\/\/zonaroja.com.mx\/?p=84987"},"modified":"2025-09-23T21:12:55","modified_gmt":"2025-09-24T03:12:55","slug":"detienen-en-salina-cruz-al-koki-segundo-al-mando-del-comandante-cromo","status":"publish","type":"post","link":"https:\/\/zonaroja.com.mx\/?p=84987","title":{"rendered":"Detienen en Salina Cruz al \u201cKoki\u201d, segundo al mando del \u201cComandante Cromo\u201d"},"content":{"rendered":"\n<p>Redacci\u00f3n\/Zona Roja.&nbsp;<\/p>\n\n\n\n<p>Oaxaca, Oax., a 23 de septiembre de 2025.- Derivado de trabajos de inteligencia criminal realizados en torno a la Operaci\u00f3n \u201cSable\u201d, la Fiscal\u00eda General del Estado de Oaxaca (FGEO) ejecut\u00f3 una orden de aprehensi\u00f3n en contra de J.H.M.C., alias \u201cKoki\u201d.<\/p>\n\n\n\n<p>El sujeto es considerado objetivo prioritario y segundo en la l\u00ednea de mando de la c\u00e9lula delictiva del \u201cComandante Cromo\u201d, identificada como la principal generadora de violencia en la regi\u00f3n del Istmo de Tehuantepec.<\/p>\n\n\n\n<p>La detenci\u00f3n se realiz\u00f3 en el municipio de Salina Cruz, mediante un operativo conjunto en el que participaron la Agencia Estatal de Investigaciones (AEI), la Secretar\u00eda de la Defensa Nacional (Defensa), la Secretar\u00eda de Marina (SEMAR), la Guardia Nacional (GN) y la Polic\u00eda Estatal.<\/p>\n\n\n\n<p>Durante la acci\u00f3n se le asegur\u00f3 un arma de fuego, marihuana y varias dosis de cristal. El detenido fue puesto a disposici\u00f3n de la autoridad correspondiente para que se determine su situaci\u00f3n jur\u00eddica.<\/p>\n\n\n\n<p>Las investigaciones de la Vicefiscal\u00eda General de la Zona Centro, J.H.M.C., alias \u201cKoki\u201d, es considerado uno de los principales operadores delictivos del grupo encabezado por el \u201cComandante Cromo\u201d, c\u00e9lula vinculada con la comisi\u00f3n de delitos contra la salud, extorsi\u00f3n, privaci\u00f3n ilegal de la libertad, portaci\u00f3n de armas de fuego y amenazas.<\/p>\n\n\n\n<p>En mayo de este mismo a\u00f1o tambi\u00e9n fue detenido P.A.T.V., alias \u201cEl Tonche\u201d, quien tambi\u00e9n estaba en la segunda la l\u00ednea de mando dentro de la misma banda.<\/p>\n\n\n\n<p>Ambas detenciones representan avances significativos en la estrategia para desarticular a la organizaci\u00f3n delictiva y reducir los \u00edndices delictivos en la regi\u00f3n.<\/p>\n\n\n\n<p>Asimismo, los trabajos de inteligencia establecen que la c\u00e9lula del \u201cComandante Cromo\u201d es uno de los principales grupos criminales que opera en el Istmo de Tehuantepec, la cual est\u00e1 vinculada a diversos delitos de alto impacto, por lo que dentro las acciones de la Operaci\u00f3n Sable son un tema prioritario su desarticulaci\u00f3n y la captura de sus integrantes.<\/p>\n\n\n\n<p>La Fiscal\u00eda General del Estado de Oaxaca reitera su compromiso de realizar investigaciones integrales, coordinadas y efectivas que permitan combatir los delitos de alto impacto, garantizar la procuraci\u00f3n de justicia y salvaguardar la seguridad de la sociedad oaxaque\u00f1a.<\/p>\n","protected":false},"excerpt":{"rendered":"<p>Redacci\u00f3n\/Zona Roja.&nbsp; Oaxaca, Oax., a 23 de septiembre de 2025.- Derivado de trabajos de inteligencia&hellip;<\/p>\n","protected":false},"author":2,"featured_media":84988,"comment_status":"closed","ping_status":"open","sticky":false,"template":"","format":"standard","meta":{"_lmt_disableupdate":"","_lmt_disable":"","_jetpack_memberships_contains_paid_content":false,"footnotes":""},"categories":[109,46],"tags":[494],"class_list":["post-84987","post","type-post","status-publish","format-standard","has-post-thumbnail","hentry","category-minuto-a-minuto","category-zona-blanca","tag-fiscalia-general-del-estado-de-oaxaca"],"jetpack_featured_media_url":"https:\/\/zonaroja.com.mx\/wp-content\/uploads\/2025\/09\/Detenido-Koki-segundo-del-comandante-Cromo.jpg","jetpack_sharing_enabled":true,"_links":{"self":[{"href":"https:\/\/zonaroja.com.mx\/index.php?rest_route=\/wp\/v2\/posts\/84987","targetHints":{"allow":["GET"]}}],"collection":[{"href":"https:\/\/zonaroja.com.mx\/index.php?rest_route=\/wp\/v2\/posts"}],"about":[{"href":"https:\/\/zonaroja.com.mx\/index.php?rest_route=\/wp\/v2\/types\/post"}],"author":[{"embeddable":true,"href":"https:\/\/zonaroja.com.mx\/index.php?rest_route=\/wp\/v2\/users\/2"}],"replies":[{"embeddable":true,"href":"https:\/\/zonaroja.com.mx\/index.php?rest_route=%2Fwp%2Fv2%2Fcomments&post=84987"}],"version-history":[{"count":1,"href":"https:\/\/zonaroja.com.mx\/index.php?rest_route=\/wp\/v2\/posts\/84987\/revisions"}],"predecessor-version":[{"id":84989,"href":"https:\/\/zonaroja.com.mx\/index.php?rest_route=\/wp\/v2\/posts\/84987\/revisions\/84989"}],"wp:featuredmedia":[{"embeddable":true,"href":"https:\/\/zonaroja.com.mx\/index.php?rest_route=\/wp\/v2\/media\/84988"}],"wp:attachment":[{"href":"https:\/\/zonaroja.com.mx\/index.php?rest_route=%2Fwp%2Fv2%2Fmedia&parent=84987"}],"wp:term":[{"taxonomy":"category","embeddable":true,"href":"https:\/\/zonaroja.com.mx\/index.php?rest_route=%2Fwp%2Fv2%2Fcategories&post=84987"},{"taxonomy":"post_tag","embeddable":true,"href":"https:\/\/zonaroja.com.mx\/index.php?rest_route=%2Fwp%2Fv2%2Ftags&post=84987"}],"curies":[{"name":"wp","href":"https:\/\/api.w.org\/{rel}","templated":true}]}}